{"id":71450,"date":"2026-04-27T10:36:54","date_gmt":"2026-04-27T10:36:54","guid":{"rendered":"https:\/\/dekkbi.com\/?p=71450"},"modified":"2026-04-27T10:36:54","modified_gmt":"2026-04-27T10:36:54","slug":"gouvernance-de-lactuel-regime-apte-defend-le-bilan-de-sonko-et-durcit-le-ton-sur-les-crimes-des-manifestations","status":"publish","type":"post","link":"https:\/\/dekkbi.com\/?p=71450","title":{"rendered":"Gouvernance de l\u2019actuel r\u00e9gime : APTE d\u00e9fend le bilan de Sonko et durcit le ton sur les crimes des manifestations"},"content":{"rendered":"\n<p>Les responsables de la coalition APTE (Alliance patriotique pour le travail et l\u2019\u00e9thique) ont tenu hier, dimanche 26 avril, une rencontre d\u2019\u00e9valuation des deux ann\u00e9es de gouvernance du r\u00e9gime en place. S\u2019exprimant devant ses camarades, A\u00efda Mbodj, coordinatrice de cette coalition cr\u00e9\u00e9e autour de l\u2019actuel Premier ministre, Ousmane Sonko, en opposition \u00e0 la \u00ab coalition Diomaye Pr\u00e9sident \u00bb, a jug\u00e9 largement positif le bilan des r\u00e9alisations du gouvernement sous la conduite du Premier ministre. Poursuivant son propos, la patronne de la D\u00e9l\u00e9gation g\u00e9n\u00e9rale \u00e0 l\u2019Entrepreneuriat rapide (DER) a invit\u00e9 ses camarades \u00e0 faire preuve d\u2019une discipline rigoureuse dans le soutien aux actions du gouvernement.<\/p>\n\n\n\n<p>Pr\u00e9sente \u00e9galement \u00e0 cette rencontre, Yassine Fall, ministre de la Justice, est revenue sur le d\u00e9bat concernant les lenteurs not\u00e9es dans la proc\u00e9dure portant sur les \u00e9v\u00e9nements tragiques survenus lors des manifestations politiques entre 2021 et 2024. R\u00e9affirmant que la loi d\u2019amnistie ne saurait constituer un bouclier pour les auteurs de crimes graves, notamment les actes de torture et les crimes de sang qui en sont express\u00e9ment exclus, la Garde des Sceaux a pr\u00e9cis\u00e9 que les responsables devront r\u00e9pondre de leurs actes devant la justice, quelle que soit leur situation, avant que l\u2019on puisse parler d\u2019apaisement durable. Poursuivant son propos, elle a \u00e9galement soulign\u00e9 que son d\u00e9partement travaille activement \u00e0 la mise en \u0153uvre des m\u00e9canismes n\u00e9cessaires pour que les victimes obtiennent r\u00e9paration.<\/p>\n\n\n\n<p><strong>N C G<\/strong><\/p>\n","protected":false},"excerpt":{"rendered":"<p>Les responsables de la coalition APTE (Alliance patriotique pour le travail et l\u2019\u00e9thique) ont tenu hier, dimanche 26 avril, une<\/p>\n","protected":false},"author":1,"featured_media":71451,"comment_status":"open","ping_status":"open","sticky":false,"template":"","format":"standard","meta":{"footnotes":""},"categories":[6],"tags":[],"class_list":["post-71450","post","type-post","status-publish","format-standard","has-post-thumbnail","hentry","category-politics"],"_links":{"self":[{"href":"https:\/\/dekkbi.com\/index.php?rest_route=\/wp\/v2\/posts\/71450","targetHints":{"allow":["GET"]}}],"collection":[{"href":"https:\/\/dekkbi.com\/index.php?rest_route=\/wp\/v2\/posts"}],"about":[{"href":"https:\/\/dekkbi.com\/index.php?rest_route=\/wp\/v2\/types\/post"}],"author":[{"embeddable":true,"href":"https:\/\/dekkbi.com\/index.php?rest_route=\/wp\/v2\/users\/1"}],"replies":[{"embeddable":true,"href":"https:\/\/dekkbi.com\/index.php?rest_route=%2Fwp%2Fv2%2Fcomments&post=71450"}],"version-history":[{"count":1,"href":"https:\/\/dekkbi.com\/index.php?rest_route=\/wp\/v2\/posts\/71450\/revisions"}],"predecessor-version":[{"id":71452,"href":"https:\/\/dekkbi.com\/index.php?rest_route=\/wp\/v2\/posts\/71450\/revisions\/71452"}],"wp:featuredmedia":[{"embeddable":true,"href":"https:\/\/dekkbi.com\/index.php?rest_route=\/wp\/v2\/media\/71451"}],"wp:attachment":[{"href":"https:\/\/dekkbi.com\/index.php?rest_route=%2Fwp%2Fv2%2Fmedia&parent=71450"}],"wp:term":[{"taxonomy":"category","embeddable":true,"href":"https:\/\/dekkbi.com\/index.php?rest_route=%2Fwp%2Fv2%2Fcategories&post=71450"},{"taxonomy":"post_tag","embeddable":true,"href":"https:\/\/dekkbi.com\/index.php?rest_route=%2Fwp%2Fv2%2Ftags&post=71450"}],"curies":[{"name":"wp","href":"https:\/\/api.w.org\/{rel}","templated":true}]}}