{"id":71439,"date":"2026-04-27T10:05:35","date_gmt":"2026-04-27T10:05:35","guid":{"rendered":"https:\/\/dekkbi.com\/?p=71439"},"modified":"2026-04-27T10:05:36","modified_gmt":"2026-04-27T10:05:36","slug":"reprise-de-west-african-energy-la-senelec-court-circuite-les-actionnaires","status":"publish","type":"post","link":"https:\/\/dekkbi.com\/?p=71439","title":{"rendered":"Reprise de West African Energy : La Senelec court-circuite les actionnaires"},"content":{"rendered":"\n<p><strong>Dans un communiqu\u00e9 officiel publi\u00e9 ce 25 avril 2026, la Soci\u00e9t\u00e9 nationale d\u2019\u00e9lectricit\u00e9 du S\u00e9n\u00e9gal (Senelec) a annonc\u00e9 avoir finalis\u00e9 l\u2019acquisition de 100% des actions de West African energy (Wae). Cette op\u00e9ration strat\u00e9gique marque un tournant d\u00e9cisif pour la s\u00e9curit\u00e9 \u00e9nerg\u00e9tique du pays, pla\u00e7ant la centrale de 360 Mw de Cap des Biches sous le giron exclusif de l\u2019Etat. Un projet vital pour le r\u00e9seau national secou\u00e9 par une guerre entre actionnaires depuis plusieurs mois.&nbsp;<\/strong><\/p>\n\n\n\n<p>La centrale de West African Energy n\u2019est pas une infrastructure ordinaire. Avec une capacit\u00e9 de 360 Mw, elle est con\u00e7ue pour couvrir pr\u00e8s de 25% de la demande nationale en \u00e9lectricit\u00e9. Jusqu\u2019ici port\u00e9e par des investisseurs nationaux, cette centrale \u00e0 cycle combin\u00e9 constitue le plus grand projet \u00e9nerg\u00e9tique jamais initi\u00e9 par le secteur priv\u00e9 s\u00e9n\u00e9galais. L\u2019objectif de cette reprise par la Senelec est clair : s\u00e9curiser et acc\u00e9l\u00e9rer la mise en service compl\u00e8te de cet outil industriel pour garantir la stabilit\u00e9 de la fourniture \u00e9lectrique \u00e0 travers le pays.<\/p>\n\n\n\n<p>Une intervention de l\u2019Etat pour sortir de l\u2019impasse\u00a0? Le communiqu\u00e9 r\u00e9v\u00e8le que le projet a travers\u00e9 une zone de turbulences majeure. Des difficult\u00e9s de gouvernance et un diff\u00e9rend entre actionnaires avaient entra\u00een\u00e9 une suspension des financements, mena\u00e7ant de paralyser les travaux \u00e0 la suite de l\u2019arrestation de l\u2019ex-Dg de Wae. Mais, le mardi 27 janvier 2026, la Chambre d\u2019accusation de la Cour d\u2019appel avait prononc\u00e9 l\u2019annulation totale de l\u2019ordonnance de renvoi qui visait Samuel Am\u00e8te Sarr, marquant un tournant d\u00e9cisif dans le dossier alors qu\u2019il a toujours clam\u00e9 son innocence.<\/p>\n\n\n\n<p>Face au risque de \u00abretard critique\u00bb, l\u2019Etat du S\u00e9n\u00e9gal est intervenu directement d\u00e8s mai 2024. Sous l\u2019impulsion du ministre de l\u2019Energie, du p\u00e9trole et des mines, une action coordonn\u00e9e a permis la r\u00e9solution du conflit entre les actionnaires, la s\u00e9curisation des financements n\u00e9cessaires et la stabilisation du cadre de gestion. Le rachat int\u00e9gral par la Senelec appara\u00eet ainsi comme la solution ultime pour p\u00e9renniser le projet et prot\u00e9ger les int\u00e9r\u00eats strat\u00e9giques de la Nation.<\/p>\n\n\n\n<p><strong>Un avancement \u00e0 97, 5%<\/strong><\/p>\n\n\n\n<p>Malgr\u00e9 les obstacles rencontr\u00e9s, le chantier est aujourd\u2019hui dans sa phase terminale, selon la Sanelec. Le taux d\u2019avancement global affiche 97, 5%. Plusieurs jalons techniques cruciaux ont d\u00e9j\u00e0 \u00e9t\u00e9 franchis : 11 avril 2025, il y a eu la premi\u00e8re synchronisation r\u00e9ussie au r\u00e9seau national, suivie d\u2019une mise en exploitation progressive, car les turbines (d\u2019une puissance de 127 Mw chacune) montent en puissance. Pour la transition op\u00e9rationnelle, la Senelec assure que le transfert des installations \u00e0 l\u2019\u00e9quipe d\u2019exploitation est d\u00e9sormais effectif.<\/p>\n\n\n\n<p>Au-del\u00e0 de la puissance install\u00e9e, ce projet s\u2019inscrit dans la strat\u00e9gie de transition \u00e9nerg\u00e9tique du S\u00e9n\u00e9gal. En privil\u00e9giant une production \u00e0 base de gaz naturel, moins carbon\u00e9e que le fioul lourd, la Senelec renforce son engagement pour une \u00e9nergie durable. Cette installation devait aussi compter sur Yaakar Teranga dont le projet est \u00e0 l\u2019arr\u00eat apr\u00e8s le d\u00e9part confirm\u00e9 de Kosmos Energy.<\/p>\n\n\n\n<p>En devenant actionnaire unique, la Senelec ne se contente pas de racheter une centrale ; elle r\u00e9affirme son r\u00f4le de pilier central dans la qu\u00eate d\u2019une souverainet\u00e9 \u00e9nerg\u00e9tique totale, assurant que l\u2019un des poumons \u00e9lectriques du S\u00e9n\u00e9gal reste entre des mains nationales.<\/p>\n\n\n\n<p><a href=\"https:\/\/www.facebook.com\/sharer.php?u=https:\/\/lequotidien.sn\/reprise-de-west-african-energy-la-senelec-court-circuite-les-actionnaires\/\"><\/a><\/p>\n","protected":false},"excerpt":{"rendered":"<p>Dans un communiqu\u00e9 officiel publi\u00e9 ce 25 avril 2026, la Soci\u00e9t\u00e9 nationale d\u2019\u00e9lectricit\u00e9 du S\u00e9n\u00e9gal (Senelec) a annonc\u00e9 avoir finalis\u00e9<\/p>\n","protected":false},"author":1,"featured_media":53656,"comment_status":"open","ping_status":"open","sticky":false,"template":"","format":"standard","meta":{"footnotes":""},"categories":[3],"tags":[],"class_list":["post-71439","post","type-post","status-publish","format-standard","has-post-thumbnail","hentry","category-event-more-news"],"_links":{"self":[{"href":"https:\/\/dekkbi.com\/index.php?rest_route=\/wp\/v2\/posts\/71439","targetHints":{"allow":["GET"]}}],"collection":[{"href":"https:\/\/dekkbi.com\/index.php?rest_route=\/wp\/v2\/posts"}],"about":[{"href":"https:\/\/dekkbi.com\/index.php?rest_route=\/wp\/v2\/types\/post"}],"author":[{"embeddable":true,"href":"https:\/\/dekkbi.com\/index.php?rest_route=\/wp\/v2\/users\/1"}],"replies":[{"embeddable":true,"href":"https:\/\/dekkbi.com\/index.php?rest_route=%2Fwp%2Fv2%2Fcomments&post=71439"}],"version-history":[{"count":1,"href":"https:\/\/dekkbi.com\/index.php?rest_route=\/wp\/v2\/posts\/71439\/revisions"}],"predecessor-version":[{"id":71440,"href":"https:\/\/dekkbi.com\/index.php?rest_route=\/wp\/v2\/posts\/71439\/revisions\/71440"}],"wp:featuredmedia":[{"embeddable":true,"href":"https:\/\/dekkbi.com\/index.php?rest_route=\/wp\/v2\/media\/53656"}],"wp:attachment":[{"href":"https:\/\/dekkbi.com\/index.php?rest_route=%2Fwp%2Fv2%2Fmedia&parent=71439"}],"wp:term":[{"taxonomy":"category","embeddable":true,"href":"https:\/\/dekkbi.com\/index.php?rest_route=%2Fwp%2Fv2%2Fcategories&post=71439"},{"taxonomy":"post_tag","embeddable":true,"href":"https:\/\/dekkbi.com\/index.php?rest_route=%2Fwp%2Fv2%2Ftags&post=71439"}],"curies":[{"name":"wp","href":"https:\/\/api.w.org\/{rel}","templated":true}]}}