{"id":71437,"date":"2026-04-27T10:03:02","date_gmt":"2026-04-27T10:03:02","guid":{"rendered":"https:\/\/dekkbi.com\/?p=71437"},"modified":"2026-04-27T10:03:03","modified_gmt":"2026-04-27T10:03:03","slug":"union-africaine-madicke-niang-en-mission-devaluation-electorale-a-sao-tome-et-principe","status":"publish","type":"post","link":"https:\/\/dekkbi.com\/?p=71437","title":{"rendered":"Union africaine : Madick\u00e9 Niang en mission d\u2019\u00e9valuation \u00e9lectorale \u00e0 S\u00e3o Tom\u00e9-et-Principe"},"content":{"rendered":"\n<h3 class=\"wp-block-heading\">L\u2019ancien ministre s\u00e9n\u00e9galais des Affaires \u00e9trang\u00e8res, Madick\u00e9 Niang, a \u00e9t\u00e9 mandat\u00e9 par l\u2019Union africaine pour conduire une mission d\u2019\u00e9valuation des pr\u00e9paratifs \u00e9lectoraux \u00e0 S\u00e3o Tom\u00e9-et-Principe, en vue de la pr\u00e9sidentielle de juillet 2026.<\/h3>\n\n\n\n<p>L\u2019Union africaine fait appel \u00e0 l\u2019expertise s\u00e9n\u00e9galaise dans le cadre du suivi des processus d\u00e9mocratiques sur le continent. Selon des informations rapport\u00e9es par le quotidien Les \u00c9chos, l\u2019organisation panafricaine a confi\u00e9 \u00e0 Madick\u00e9 Niang une mission d\u2019\u00e9valuation \u00e0 S\u00e3o Tom\u00e9-et-Principe.<\/p>\n\n\n\n<p>L\u2019ancien ministre des Affaires \u00e9trang\u00e8res est charg\u00e9 d\u2019analyser les \u00ab besoins et les dispositifs pr\u00e9\u00e9lectoraux \u00bb mis en place dans ce pays insulaire d\u2019Afrique centrale, en perspective de l\u2019\u00e9lection pr\u00e9sidentielle pr\u00e9vue en juillet 2026.<\/p>\n\n\n\n<p>Cette mission s\u2019inscrit dans les efforts de l\u2019Union africaine visant \u00e0 accompagner les \u00c9tats membres dans l\u2019organisation de scrutins transparents, inclusifs et apais\u00e9s. Elle devrait permettre d\u2019identifier les \u00e9ventuelles insuffisances logistiques, techniques ou institutionnelles, afin de formuler des recommandations adapt\u00e9es.<\/p>\n\n\n\n<p>Le choix de Madick\u00e9 Niang illustre la volont\u00e9 de l\u2019organisation continentale de s\u2019appuyer sur des profils exp\u00e9riment\u00e9s, familiers des enjeux diplomatiques et \u00e9lectoraux africains. Habitu\u00e9 des arcanes de la diplomatie, l\u2019ancien chef de la diplomatie s\u00e9n\u00e9galaise retrouve ainsi un r\u00f4le actif sur la sc\u00e8ne internationale.<\/p>\n\n\n\n<p>\u00c0 travers cette initiative, l\u2019Union africaine r\u00e9affirme son engagement en faveur de la consolidation des processus d\u00e9mocratiques sur le continent, \u00e0 l\u2019approche d\u2019\u00e9ch\u00e9ances \u00e9lectorales sensibles dans plusieurs pays.<\/p>\n\n\n\n<p>LERAL NET<\/p>\n","protected":false},"excerpt":{"rendered":"<p>L\u2019ancien ministre s\u00e9n\u00e9galais des Affaires \u00e9trang\u00e8res, Madick\u00e9 Niang, a \u00e9t\u00e9 mandat\u00e9 par l\u2019Union africaine pour conduire une mission d\u2019\u00e9valuation des<\/p>\n","protected":false},"author":1,"featured_media":10864,"comment_status":"open","ping_status":"open","sticky":false,"template":"","format":"standard","meta":{"footnotes":""},"categories":[6],"tags":[],"class_list":["post-71437","post","type-post","status-publish","format-standard","has-post-thumbnail","hentry","category-politics"],"_links":{"self":[{"href":"https:\/\/dekkbi.com\/index.php?rest_route=\/wp\/v2\/posts\/71437","targetHints":{"allow":["GET"]}}],"collection":[{"href":"https:\/\/dekkbi.com\/index.php?rest_route=\/wp\/v2\/posts"}],"about":[{"href":"https:\/\/dekkbi.com\/index.php?rest_route=\/wp\/v2\/types\/post"}],"author":[{"embeddable":true,"href":"https:\/\/dekkbi.com\/index.php?rest_route=\/wp\/v2\/users\/1"}],"replies":[{"embeddable":true,"href":"https:\/\/dekkbi.com\/index.php?rest_route=%2Fwp%2Fv2%2Fcomments&post=71437"}],"version-history":[{"count":1,"href":"https:\/\/dekkbi.com\/index.php?rest_route=\/wp\/v2\/posts\/71437\/revisions"}],"predecessor-version":[{"id":71438,"href":"https:\/\/dekkbi.com\/index.php?rest_route=\/wp\/v2\/posts\/71437\/revisions\/71438"}],"wp:featuredmedia":[{"embeddable":true,"href":"https:\/\/dekkbi.com\/index.php?rest_route=\/wp\/v2\/media\/10864"}],"wp:attachment":[{"href":"https:\/\/dekkbi.com\/index.php?rest_route=%2Fwp%2Fv2%2Fmedia&parent=71437"}],"wp:term":[{"taxonomy":"category","embeddable":true,"href":"https:\/\/dekkbi.com\/index.php?rest_route=%2Fwp%2Fv2%2Fcategories&post=71437"},{"taxonomy":"post_tag","embeddable":true,"href":"https:\/\/dekkbi.com\/index.php?rest_route=%2Fwp%2Fv2%2Ftags&post=71437"}],"curies":[{"name":"wp","href":"https:\/\/api.w.org\/{rel}","templated":true}]}}