{"id":71433,"date":"2026-04-27T09:59:56","date_gmt":"2026-04-27T09:59:56","guid":{"rendered":"https:\/\/dekkbi.com\/?p=71433"},"modified":"2026-04-27T09:59:57","modified_gmt":"2026-04-27T09:59:57","slug":"affaire-mame-mbaye-ousmane-sonko-memoire-dun-dossier","status":"publish","type":"post","link":"https:\/\/dekkbi.com\/?p=71433","title":{"rendered":"Affaire Mame Mbaye \u2013 Ousmane Sonko : M\u00c9MOIRE D\u2019UN DOSSIER"},"content":{"rendered":"\n<p><strong>Alors que le Procureur g\u00e9n\u00e9ral pr\u00e8s la Cour supr\u00eame sollicite la r\u00e9vision de la condamnation d\u00e9finitive de Ousmane Sonko pour diffamation, le camp de Mame Mbaye Niang contre-attaque avec virulence. Dans un m\u00e9moire en d\u00e9fense d\u00e9pos\u00e9 le 5 f\u00e9vrier 2026, ses avocats d\u00e9noncent une \u00abmanipulation proc\u00e9durale\u00bb visant \u00e0 r\u00e9habiliter le Premier ministre sur la base d\u2019un rapport de l\u2019Igf qu\u2019ils qualifient de \u00abfaux document fabriqu\u00e9 pour les besoins de la cause\u00bb. Entre accusations de violation du secret d\u2019Etat et d\u00e9p\u00f4t d\u2019une plainte pour association de malfaiteurs contre plusieurs membres du gouvernement, la bataille pour la \u00abv\u00e9rit\u00e9 judiciaire\u00bb se d\u00e9porte d\u00e9sormais sur le terrain de la validit\u00e9 des preuves administratives post-proc\u00e8s.<\/strong><\/p>\n\n\n\n<p>Alors que le Procureur g\u00e9n\u00e9ral sollicite la r\u00e9vision de la condamnation d\u00e9finitive de M. Ousmane Sonko pour diffamation, les avocats de Mame Mbaye Niang contre-attaquent. Ils invoquent l\u2019irrecevabilit\u00e9 d\u2019un rapport de l\u2019Igf qu\u2019ils qualifient de \u00abfabriqu\u00e9 pour les besoins de la cause\u00bb et d\u00e9noncent une tentative de compromettre la s\u00e9curit\u00e9 juridique au sommet de l\u2019Etat.<\/p>\n\n\n\n<p>L\u2019origine de cette confrontation remonte au 22 novembre 2022. Lors d\u2019un point de presse, Ousmane Sonko, alors figure de l\u2019opposition, accuse publiquement Mame Mbaye Niang, ministre du Tourisme \u00e0 l\u2019\u00e9poque, d\u2019avoir \u00e9t\u00e9 \u00ab\u00e9pingl\u00e9\u00bb par un rapport de l\u2019Inspection g\u00e9n\u00e9rale d\u2019Etat (Ige). Ces accusations portaient sur des malversations pr\u00e9sum\u00e9es dans la gestion du Programme des domaines agricoles communautaires (Prodac), notamment l\u2019\u00e9mission d\u2019un ordre de service avant la signature du contrat.<\/p>\n\n\n\n<p>Mame Mbaye Niang, niant ces affirmations, porte plainte pour diffamation. Au fil de la proc\u00e9dure, Ousmane Sonko reconna\u00eet un lapsus, pr\u00e9cisant qu\u2019il visait l\u2019Inspection g\u00e9n\u00e9rale des finances (Igf) et non l\u2019Ige. Le 30 mars 2023, le Tribunal de premi\u00e8re instance condamne M. Sonko \u00e0 deux mois de prison avec sursis. Cette peine est alourdie en appel, le 8 mai 2023, \u00e0 six mois de prison avec sursis et 200 millions de F Cfa de dommages et int\u00e9r\u00eats. La condamnation devient d\u00e9finitive apr\u00e8s le rejet du pourvoi en cassation par la Cour supr\u00eame le 4 janvier 2024.<\/p>\n\n\n\n<p><strong>Le rapport de la discorde<\/strong><\/p>\n\n\n\n<p>Le dossier rebondit le 6 janvier 2026 avec une requ\u00eate en r\u00e9vision introduite par le Procureur g\u00e9n\u00e9ral. Cette demande s\u2019appuie sur la \u00abd\u00e9couverte\u00bb d\u2019un rapport de l\u2019Igf (n\u00b002-18), valid\u00e9 seulement le 5 juillet 2024 par l\u2019actuel ministre des Finances. Pour la d\u00e9fense de Mame Mbaye Niang, ce document ne peut constituer une \u00abpi\u00e8ce nouvelle\u00bb au sens de la loi. Elle argumente\u00a0: le document \u00e9tait connu, car \u00abOusmane Sonko citait d\u00e9j\u00e0 des liens internet vers ce contenu d\u00e8s 2022\u00bb. Son authenticit\u00e9 contest\u00e9e : les avocats soutiennent que le rapport initial de 2018 \u00e9tait provisoire et n\u2019avait jamais \u00e9t\u00e9 valid\u00e9 par les autorit\u00e9s de l\u2019\u00e9poque, et une plainte a \u00e9t\u00e9 d\u00e9pos\u00e9e contre le Premier ministre Ousmane Sonko, le ministre des Finances Cheikh Diba et la ministre de la Justice Yassine Fall, pour faux, usage de faux et association de malfaiteurs.<\/p>\n\n\n\n<p><strong>Vers un bras de fer \u00e0 la Cour supr\u00eame<\/strong><\/p>\n\n\n\n<p>Dans leur m\u00e9moire en d\u00e9fense, les avocats de l\u2019ex-ministre de la Jeunesse demandent \u00e0 la Cour supr\u00eame de d\u00e9clarer la requ\u00eate irrecevable. Ils estiment que la r\u00e9vision d\u2019une d\u00e9cision p\u00e9nale d\u00e9finitive ne peut se fonder sur un document administratif \u00abvalid\u00e9 six ans apr\u00e8s les faits\u00bb par une autorit\u00e9 partisane.<br>La d\u00e9fense conclut que les constatations du rapport concernant Mame Mbaye Niang sont erron\u00e9es, affirmant que le march\u00e9 a \u00e9t\u00e9 conclu le 28 mai 2015, bien avant l\u2019ordre de service du 24 mars 2016. La Haute juridiction devra d\u00e9sormais trancher si ce rapport de l\u2019Igf suffit \u00e0 faire na\u00eetre un \u00abdoute s\u00e9rieux\u00bb sur la culpabilit\u00e9 d\u00e9sormais historique de Ousmane Sonko dans cette affaire, qui l\u2019a emp\u00each\u00e9 de devenir candidat \u00e0 la Pr\u00e9sidentielle de 2024. Cette situation a pouss\u00e9 sa majorit\u00e9 parlementaire \u00e0 enclencher des r\u00e9formes du Code \u00e9lectoral pour minimiser tout risque politique pour son leader en vue de l\u2019\u00e9ch\u00e9ance de 2029.<\/p>\n","protected":false},"excerpt":{"rendered":"<p>Alors que le Procureur g\u00e9n\u00e9ral pr\u00e8s la Cour supr\u00eame sollicite la r\u00e9vision de la condamnation d\u00e9finitive de Ousmane Sonko pour<\/p>\n","protected":false},"author":1,"featured_media":71435,"comment_status":"open","ping_status":"open","sticky":false,"template":"","format":"standard","meta":{"footnotes":""},"categories":[21],"tags":[],"class_list":["post-71433","post","type-post","status-publish","format-standard","has-post-thumbnail","hentry","category-societe"],"_links":{"self":[{"href":"https:\/\/dekkbi.com\/index.php?rest_route=\/wp\/v2\/posts\/71433","targetHints":{"allow":["GET"]}}],"collection":[{"href":"https:\/\/dekkbi.com\/index.php?rest_route=\/wp\/v2\/posts"}],"about":[{"href":"https:\/\/dekkbi.com\/index.php?rest_route=\/wp\/v2\/types\/post"}],"author":[{"embeddable":true,"href":"https:\/\/dekkbi.com\/index.php?rest_route=\/wp\/v2\/users\/1"}],"replies":[{"embeddable":true,"href":"https:\/\/dekkbi.com\/index.php?rest_route=%2Fwp%2Fv2%2Fcomments&post=71433"}],"version-history":[{"count":1,"href":"https:\/\/dekkbi.com\/index.php?rest_route=\/wp\/v2\/posts\/71433\/revisions"}],"predecessor-version":[{"id":71436,"href":"https:\/\/dekkbi.com\/index.php?rest_route=\/wp\/v2\/posts\/71433\/revisions\/71436"}],"wp:featuredmedia":[{"embeddable":true,"href":"https:\/\/dekkbi.com\/index.php?rest_route=\/wp\/v2\/media\/71435"}],"wp:attachment":[{"href":"https:\/\/dekkbi.com\/index.php?rest_route=%2Fwp%2Fv2%2Fmedia&parent=71433"}],"wp:term":[{"taxonomy":"category","embeddable":true,"href":"https:\/\/dekkbi.com\/index.php?rest_route=%2Fwp%2Fv2%2Fcategories&post=71433"},{"taxonomy":"post_tag","embeddable":true,"href":"https:\/\/dekkbi.com\/index.php?rest_route=%2Fwp%2Fv2%2Ftags&post=71433"}],"curies":[{"name":"wp","href":"https:\/\/api.w.org\/{rel}","templated":true}]}}