{"id":71430,"date":"2026-04-27T09:48:43","date_gmt":"2026-04-27T09:48:43","guid":{"rendered":"https:\/\/dekkbi.com\/?p=71430"},"modified":"2026-04-27T09:48:47","modified_gmt":"2026-04-27T09:48:47","slug":"daakaa-le-ministre-de-linterieur-reitere-lengagement-de-letat-a-soutenir-les-foyers-religieux","status":"publish","type":"post","link":"https:\/\/dekkbi.com\/?p=71430","title":{"rendered":"Daakaa\u00a0: le ministre de l\u2019Int\u00e9rieur r\u00e9it\u00e8re l\u2019engagement de l\u2019Etat \u00e0 soutenir les foyers religieux"},"content":{"rendered":"\n<p>Daakaa (Madina Gounass),  (APS) \u2013 Le ministre de l\u2019Int\u00e9rieur et de la S\u00e9curit\u00e9 publique, Mouhamadou Bamba Ciss\u00e9, a r\u00e9it\u00e9r\u00e9, dimanche au Daakaa de M\u00e9dina Gounass (sud), l\u2019engagement de l\u2019Etat \u00e0 accompagner et \u00e0 soutenir les communaut\u00e9s religieuses dans leur mission d\u2019\u00e9ducation et d\u2019enseignement des populations.<\/p>\n\n\n\n<p>\u201dNous vous r\u00e9it\u00e9rons l\u2019engagement des autorit\u00e9s. Leur priorit\u00e9 est de rester \u00e0 vos c\u00f4t\u00e9s pour que, chaque fois que le Daakaa arrive, vous puissiez l\u2019organiser comme vous le souhaitez, dans la paix et la s\u00e9r\u00e9nit\u00e9. C\u2019est \u00e9galement ma mission prioritaire en tant que ministre de l\u2019Int\u00e9rieur\u2019\u2019, a-t-il dit dans un discours en wolof.<\/p>\n\n\n\n<p>M. Ciss\u00e9 conduisait une d\u00e9l\u00e9gation gouvernementale \u00e0 la c\u00e9r\u00e9monie officielle de l\u2019\u00e9dition 2026 du Daakaa de Madina Gounass, une retraite spirituelle de dix jours, dont la cl\u00f4ture est pr\u00e9vue, lundi.<\/p>\n\n\n\n<p>\u2018\u2019Le pr\u00e9sident de la R\u00e9publique m\u2019a charg\u00e9 de venir aupr\u00e8s du Guide pour l\u2019accompagner en ce jour solennel. Bien avant le d\u00e9but du Daakaa, il m\u2019avait instruit de veiller personnellement \u00e0 l\u2019organisation pour garantir une r\u00e9ussite totale\u2019\u2019, a-t-il dit.<\/p>\n\n\n\n<p>C\u2019est pourquoi, le ministre dit \u00eatre rest\u00e9 en contact permanent avec tous les services de l\u2019\u00c9tat, o\u00f9 qu\u2019il soit, afin que l\u2019\u00e9v\u00e9nement se d\u00e9roule sans aucun incident. \u2018\u2019Gr\u00e2ce \u00e0 Dieu (Alhamdoulilah), je pense que tout s\u2019est d\u00e9roul\u00e9 selon les r\u00e8gles\u2019\u2019, s\u2019est-il f\u00e9licit\u00e9 en pr\u00e9sence du D\u00e9l\u00e9gu\u00e9 g\u00e9n\u00e9ral aux affaires religieuses, Djim Ousmane Dram\u00e9.<\/p>\n\n\n\n<p>\u2018\u2019Le pr\u00e9sident de la R\u00e9publique accorde une importance capitale \u00e0 la religion. Il sait que le rassemblement du Daakaa est l\u2019un des \u00e9v\u00e9nements religieux les plus importants du pays. Par cons\u00e9quent, il d\u00e9ploiera tous les efforts n\u00e9cessaires pour accompagner et soutenir l\u2019organisation afin que chaque \u00e9dition soit une r\u00e9ussite\u2019\u2019, a-t-il assur\u00e9.<\/p>\n\n\n\n<p>De m\u00eame, a ajout\u00e9 le ministre de l\u2019Int\u00e9rieur, le chef du Gouvernement m\u2019a charg\u00e9 de transmettre ses remerciements et sa gratitude au Guide religieux ainsi qu\u2019\u00e0 tous les fid\u00e8les pr\u00e9sents.<\/p>\n\n\n\n<p>Le ministre de l\u2019Int\u00e9rieur a sollicit\u00e9 des pri\u00e8res du Khalife g\u00e9n\u00e9ral, Thierno Amadou Tidiane Ba, pour une paix durable et une prosp\u00e9rit\u00e9 dans le pays et que les autorit\u00e9s \u00e9tatiques puissent r\u00e9aliser leurs \u2018\u2019nobles ambitions\u2019\u2019 pour le S\u00e9n\u00e9gal.<\/p>\n\n\n\n<p>\u201dNous prions pour que Dieu exauce les pri\u00e8res et accorde une longue vie \u00e0 Thierno Amadou Tidiane Ba, afin qu\u2019il puisse diriger cet \u00e9v\u00e9nement encore tr\u00e8s longtemps\u2019\u2019, a-t-il souhait\u00e9.<\/p>\n\n\n\n<p>Il s\u2019est f\u00e9licit\u00e9 de la bonne organisation et a invit\u00e9 les chauffeurs \u00e0 plus de prudence sur les routes au moment du retour<\/p>\n\n\n\n<p>Le porte-parole du Khalife, Thierno Ibnou Oumar Ba, a salu\u00e9 la pr\u00e9sence des autorit\u00e9s \u00e0 cette c\u00e9r\u00e9monie officielle, soulignant que la visite du pr\u00e9sident de la R\u00e9publique, samedi au Daakaa, leur a procur\u00e9 un \u2018\u2019grand honneur\u2019\u2019.<\/p>\n\n\n\n<p>Il a formul\u00e9 des pri\u00e8res pour leur r\u00e9ussite \u00e0 la t\u00eate de l\u2019Etat, la paix, l\u2019entente, la s\u00e9curit\u00e9, la coh\u00e9sion sociale et la prosp\u00e9rit\u00e9 au S\u00e9n\u00e9gal.<\/p>\n\n\n\n<p>ASB\/OID<\/p>\n","protected":false},"excerpt":{"rendered":"<p>Daakaa (Madina Gounass), (APS) \u2013 Le ministre de l\u2019Int\u00e9rieur et de la S\u00e9curit\u00e9 publique, Mouhamadou Bamba Ciss\u00e9, a r\u00e9it\u00e9r\u00e9, dimanche<\/p>\n","protected":false},"author":1,"featured_media":71431,"comment_status":"open","ping_status":"open","sticky":false,"template":"","format":"standard","meta":{"footnotes":""},"categories":[1],"tags":[],"class_list":["post-71430","post","type-post","status-publish","format-standard","has-post-thumbnail","hentry","category-politique"],"_links":{"self":[{"href":"https:\/\/dekkbi.com\/index.php?rest_route=\/wp\/v2\/posts\/71430","targetHints":{"allow":["GET"]}}],"collection":[{"href":"https:\/\/dekkbi.com\/index.php?rest_route=\/wp\/v2\/posts"}],"about":[{"href":"https:\/\/dekkbi.com\/index.php?rest_route=\/wp\/v2\/types\/post"}],"author":[{"embeddable":true,"href":"https:\/\/dekkbi.com\/index.php?rest_route=\/wp\/v2\/users\/1"}],"replies":[{"embeddable":true,"href":"https:\/\/dekkbi.com\/index.php?rest_route=%2Fwp%2Fv2%2Fcomments&post=71430"}],"version-history":[{"count":1,"href":"https:\/\/dekkbi.com\/index.php?rest_route=\/wp\/v2\/posts\/71430\/revisions"}],"predecessor-version":[{"id":71432,"href":"https:\/\/dekkbi.com\/index.php?rest_route=\/wp\/v2\/posts\/71430\/revisions\/71432"}],"wp:featuredmedia":[{"embeddable":true,"href":"https:\/\/dekkbi.com\/index.php?rest_route=\/wp\/v2\/media\/71431"}],"wp:attachment":[{"href":"https:\/\/dekkbi.com\/index.php?rest_route=%2Fwp%2Fv2%2Fmedia&parent=71430"}],"wp:term":[{"taxonomy":"category","embeddable":true,"href":"https:\/\/dekkbi.com\/index.php?rest_route=%2Fwp%2Fv2%2Fcategories&post=71430"},{"taxonomy":"post_tag","embeddable":true,"href":"https:\/\/dekkbi.com\/index.php?rest_route=%2Fwp%2Fv2%2Ftags&post=71430"}],"curies":[{"name":"wp","href":"https:\/\/api.w.org\/{rel}","templated":true}]}}