{"id":7076,"date":"2023-02-02T15:45:46","date_gmt":"2023-02-02T15:45:46","guid":{"rendered":"https:\/\/dekkbi.com\/?p=7076"},"modified":"2023-02-02T15:45:47","modified_gmt":"2023-02-02T15:45:47","slug":"baisse-du-prix-du-loyer-le-president-macky-sall-obtient-carte-blanche-des-7-sages","status":"publish","type":"post","link":"https:\/\/dekkbi.com\/?p=7076","title":{"rendered":"Baisse du prix du loyer: Le Pr\u00e9sident Macky Sall obtient carte blanche des 7 sages"},"content":{"rendered":"\n<h3 class=\"wp-block-heading\">Le Pr\u00e9sident Macky Sall a pris \u00e0 la place d\u2019une loi, un d\u00e9cret pour faire appliquer la baisse des prix du loyer. Et le Gouvernement a saisi, le 26 janvier dernier, le Conseil constitutionnel pour une \u00abd\u00e9l\u00e9galisation\u00bb de la loi de 2014. D\u2019apr\u00e8s \u00ab\u00a0L\u2019Observateur\u00a0\u00bb, les sept sages ont autoris\u00e9 hier, le pr\u00e9sident de la R\u00e9publique de signer le d\u00e9cret, instituant la diminution des prix de la location.<\/h3>\n\n\n\n<p>Le Conseil constitutionnel a consid\u00e9r\u00e9 que la requ\u00eate du Gouvernement est fond\u00e9e sur l\u2019article 76 de la Constitution, qui dispose : \u00abLes mati\u00e8res qui ne sont pas du domaine l\u00e9gislatif, en vertu de la pr\u00e9sente Constitution, ont un caract\u00e8re r\u00e9glementaire.\u00bb<\/p>\n\n\n\n<p>Consid\u00e9rant que l\u2019article premier de la loi organique n\u00b02016-23 du 14 juillet 2016, donne comp\u00e9tence au Conseil constitutionnel pour se prononcer sur \u00able caract\u00e8re r\u00e9glementaire des dispositions de forme l\u00e9gislative (\u2026)\u00bb, les sept sages ont d\u00e9cid\u00e9 que la saisine du Premier ministre est recevable.<\/p>\n\n\n\n<p>Mamadou Badio Camara et Cie qui appuient le Premier ministre dans son argumentaire, soutiennent que les modalit\u00e9s de \ufb01xation du loyer rel\u00e8vent du domaine r\u00e9glementaire en vertu des articles 67 et 76 de la Constitution et 572 de la loi portant Code des obligations civiles et commerciales.<\/p>\n\n\n\n<p>Ils en ont d\u00e9duit ainsi que la loi n\u00b0 2014-03 du 22 janvier 2014, portant baisse des loyers n\u2019ayant pas \u00e9t\u00e9 calcul\u00e9s suivant la surface corrig\u00e9e, est intervenue dans le domaine du r\u00e8glement.<\/p>\n\n\n\n<p>En d\u00e9cidant hier que les dispositions des articles premier et 2 de la loi n\u00b02014-03 du 22 janvier 2014, ont un caract\u00e8re r\u00e9glementaire, le Conseil constitutionnel permet au Gouvernement, l\u2019application imm\u00e9diate des d\u00e9crets et textes r\u00e9glementaires d\u00e9j\u00e0 r\u00e9dig\u00e9s, pour faciliter la baisse des prix du loyer sur toute l\u2019\u00e9tendue du territoire national.<br><\/p>\n\n\n\n<p>Ousmane Wade<\/p>\n\n\n\n<p>LERAL<\/p>\n","protected":false},"excerpt":{"rendered":"<p>Le Pr\u00e9sident Macky Sall a pris \u00e0 la place d\u2019une loi, un d\u00e9cret pour faire appliquer la baisse des prix<\/p>\n","protected":false},"author":1,"featured_media":7077,"comment_status":"open","ping_status":"open","sticky":false,"template":"","format":"standard","meta":{"footnotes":""},"categories":[21],"tags":[],"class_list":["post-7076","post","type-post","status-publish","format-standard","has-post-thumbnail","hentry","category-societe"],"_links":{"self":[{"href":"https:\/\/dekkbi.com\/index.php?rest_route=\/wp\/v2\/posts\/7076","targetHints":{"allow":["GET"]}}],"collection":[{"href":"https:\/\/dekkbi.com\/index.php?rest_route=\/wp\/v2\/posts"}],"about":[{"href":"https:\/\/dekkbi.com\/index.php?rest_route=\/wp\/v2\/types\/post"}],"author":[{"embeddable":true,"href":"https:\/\/dekkbi.com\/index.php?rest_route=\/wp\/v2\/users\/1"}],"replies":[{"embeddable":true,"href":"https:\/\/dekkbi.com\/index.php?rest_route=%2Fwp%2Fv2%2Fcomments&post=7076"}],"version-history":[{"count":1,"href":"https:\/\/dekkbi.com\/index.php?rest_route=\/wp\/v2\/posts\/7076\/revisions"}],"predecessor-version":[{"id":7078,"href":"https:\/\/dekkbi.com\/index.php?rest_route=\/wp\/v2\/posts\/7076\/revisions\/7078"}],"wp:featuredmedia":[{"embeddable":true,"href":"https:\/\/dekkbi.com\/index.php?rest_route=\/wp\/v2\/media\/7077"}],"wp:attachment":[{"href":"https:\/\/dekkbi.com\/index.php?rest_route=%2Fwp%2Fv2%2Fmedia&parent=7076"}],"wp:term":[{"taxonomy":"category","embeddable":true,"href":"https:\/\/dekkbi.com\/index.php?rest_route=%2Fwp%2Fv2%2Fcategories&post=7076"},{"taxonomy":"post_tag","embeddable":true,"href":"https:\/\/dekkbi.com\/index.php?rest_route=%2Fwp%2Fv2%2Ftags&post=7076"}],"curies":[{"name":"wp","href":"https:\/\/api.w.org\/{rel}","templated":true}]}}