{"id":7067,"date":"2023-02-02T15:13:09","date_gmt":"2023-02-02T15:13:09","guid":{"rendered":"https:\/\/dekkbi.com\/?p=7067"},"modified":"2023-02-02T15:13:11","modified_gmt":"2023-02-02T15:13:11","slug":"couverture-maladie-universelle-kolda-dit-non-a-la-suppression-de-la-subvention-de-letat","status":"publish","type":"post","link":"https:\/\/dekkbi.com\/?p=7067","title":{"rendered":"Couverture Maladie Universelle: Kolda dit \u00abNon\u00bb \u00e0 la suppression de la subvention de l\u2019\u00c9tat"},"content":{"rendered":"\n<h3 class=\"wp-block-heading\">Les pr\u00e9sidents des Unions d\u00e9partementales et les Pca des Mutuelles de sant\u00e9 de la r\u00e9gion de Kolda, sont tr\u00e8s en col\u00e8re contre le Dg de l\u2019Agence nationale de la couverture maladie universelle (Anacmu).<\/h3>\n\n\n\n<p>Ils ont tenu une rencontre d\u2019information le 31 janvier 2023 au Conseil d\u00e9partemental de Kolda. Rencontre au cours de laquelle, ils reprochent \u00e0 Dr. Bocar Daff, d\u2019avoir d\u00e9cid\u00e9 de \u00ab<em>fa\u00e7on unilat\u00e9rale, de supprimer la subvention classique<\/em>\u00bb.<\/p>\n\n\n\n<p>Cette contrepartie de l\u2019\u00c9tat permettait de couvrir \u00e0 hauteur de 50%, les cotisations annuelles de chaque membre, a indiqu\u00e9 le porte-parole des mutualistes. En proc\u00e9dant \u00e0 la suppression de cet appui, le Dg de l\u2019Anacmu vient ainsi plomber toute la politique sociale de l\u2019\u00c9tat, qui permettait aux S\u00e9n\u00e9galais vuln\u00e9rables, d\u2019avoir acc\u00e8s aux soins de sant\u00e9 de qualit\u00e9 \u00e0 moindre co\u00fbt, a regrett\u00e9 Alphousseyni Bald\u00e9.<\/p>\n\n\n\n<p>C\u2019est pourquoi, ces responsables de Mutuelles de sant\u00e9 disent \u00e0 l\u2019unisson, \u00abNon \u00e0 la suppression de la subvention de l\u2019\u00c9tat\u00bb. Pour manifester leur d\u00e9saccord, ces promoteurs de la mutualit\u00e9 observent un arr\u00eat de travail de 72h depuis lundi dernier, afin que les plus hautes autorit\u00e9s reprennent ce dossier en main.<\/p>\n\n\n\n<p>Car, poursuit M. Bald\u00e9, Dr. Bocar Daff est en train de mettre les populations \u00e0 l\u2019agonie, en les privant du droit \u00e0 la sant\u00e9. Mais, \u00ab<em>nous n\u2019entendons pas laisser faire<\/em>\u00bb, a-t-il averti. \u00ab<em>Nous sommes pr\u00eats \u00e0 y faire face jusqu\u2019\u00e0 ce que cette situation soit r\u00e9gl\u00e9e au plus haut sommet de l\u2019\u00c9tat<\/em>\u00bb, a-t-il conclu.<\/p>\n\n\n\n<p><strong>Tribune<\/strong><\/p>\n","protected":false},"excerpt":{"rendered":"<p>Les pr\u00e9sidents des Unions d\u00e9partementales et les Pca des Mutuelles de sant\u00e9 de la r\u00e9gion de Kolda, sont tr\u00e8s en<\/p>\n","protected":false},"author":1,"featured_media":7068,"comment_status":"open","ping_status":"open","sticky":false,"template":"","format":"standard","meta":{"footnotes":""},"categories":[3],"tags":[],"class_list":["post-7067","post","type-post","status-publish","format-standard","has-post-thumbnail","hentry","category-event-more-news"],"_links":{"self":[{"href":"https:\/\/dekkbi.com\/index.php?rest_route=\/wp\/v2\/posts\/7067","targetHints":{"allow":["GET"]}}],"collection":[{"href":"https:\/\/dekkbi.com\/index.php?rest_route=\/wp\/v2\/posts"}],"about":[{"href":"https:\/\/dekkbi.com\/index.php?rest_route=\/wp\/v2\/types\/post"}],"author":[{"embeddable":true,"href":"https:\/\/dekkbi.com\/index.php?rest_route=\/wp\/v2\/users\/1"}],"replies":[{"embeddable":true,"href":"https:\/\/dekkbi.com\/index.php?rest_route=%2Fwp%2Fv2%2Fcomments&post=7067"}],"version-history":[{"count":1,"href":"https:\/\/dekkbi.com\/index.php?rest_route=\/wp\/v2\/posts\/7067\/revisions"}],"predecessor-version":[{"id":7069,"href":"https:\/\/dekkbi.com\/index.php?rest_route=\/wp\/v2\/posts\/7067\/revisions\/7069"}],"wp:featuredmedia":[{"embeddable":true,"href":"https:\/\/dekkbi.com\/index.php?rest_route=\/wp\/v2\/media\/7068"}],"wp:attachment":[{"href":"https:\/\/dekkbi.com\/index.php?rest_route=%2Fwp%2Fv2%2Fmedia&parent=7067"}],"wp:term":[{"taxonomy":"category","embeddable":true,"href":"https:\/\/dekkbi.com\/index.php?rest_route=%2Fwp%2Fv2%2Fcategories&post=7067"},{"taxonomy":"post_tag","embeddable":true,"href":"https:\/\/dekkbi.com\/index.php?rest_route=%2Fwp%2Fv2%2Ftags&post=7067"}],"curies":[{"name":"wp","href":"https:\/\/api.w.org\/{rel}","templated":true}]}}