{"id":7051,"date":"2023-02-02T14:46:48","date_gmt":"2023-02-02T14:46:48","guid":{"rendered":"https:\/\/dekkbi.com\/?p=7051"},"modified":"2023-02-02T14:46:49","modified_gmt":"2023-02-02T14:46:49","slug":"modou-diagne-fada-sur-la-crise-de-la-sonacos-si-la-situation-ne-change-pas-on-est-oblige-de-se-separer-avec-les-saisonniers","status":"publish","type":"post","link":"https:\/\/dekkbi.com\/?p=7051","title":{"rendered":"Modou Diagne Fada sur la crise de la Sonacos : \u00abSi la situation ne change pas, on est oblig\u00e9 de se s\u00e9parer avec les saisonniers\u00bb"},"content":{"rendered":"\n<h3 class=\"wp-block-heading\">La Sonacos vit actuellement une p\u00e9riode sombre. Sur les ondes de Rsi, hier, le Directeur g\u00e9n\u00e9ral de la Sonacos, Modou Diagne Fada, a pr\u00e9venu que si la donne ne change pas, ils seront oblig\u00e9s de se s\u00e9parer des travailleurs saisonniers.<\/h3>\n\n\n\n<p>La situation que vit actuellement la Sonacos inqui\u00e8te. Et si elle ne change pas, beaucoup de travailleurs, en particulier les saisonniers, risquent de se retrouver au ch\u00f4mage. Sur les ondes de Radio S\u00e9n\u00e9gal internationale (Rsi), le Directeur g\u00e9n\u00e9ral de la Sonacos redoute des cons\u00e9quences d\u00e9sastreuses au plan social.<\/p>\n\n\n\n<p>\u00abL\u2019instruction que nous avons re\u00e7ue du chef de l\u2019Etat, c\u2019est de faire tout pour conserver les emplois permanents. Mais en ce qui concerne les saisonniers, s\u2019il n\u2019y a pas d\u2019activit\u00e9s, on ne pourra malheureusement pas les garder\u00bb, a dit Modou Diagne Fada. Estimant qu\u2019\u00e0 ce jour, ils ont autour de \u00ab15 000 tonnes de graines d\u2019arachide collect\u00e9es\u00bb, il a expliqu\u00e9 qu\u2019ils n\u2019ont pas encore atteint, l\u2019objectif qu\u2019ils se sont fix\u00e9.<\/p>\n\n\n\n<p><\/p>\n\n\n\n<p>Il pr\u00e9cise, cependant, que leur objectif n\u2019\u00e9tait pas de 300 000 tonnes \u00abcomme annonc\u00e9es quelque part\u00bb, il \u00e9tait largement en de\u00e7\u00e0 de ce chiffre. Modou Diagne Fada ajoute :<\/p>\n\n\n\n<p>\u00abDans le march\u00e9, il y a plusieurs acteurs qui interviennent, notamment des \u00e9trangers. Et il y a beaucoup de sp\u00e9culations. Il y a beaucoup de stockeurs qui, aujourd\u2019\u00achui, se sont pr\u00e9cipit\u00e9s sur les graines et les ont stock\u00e9s, pour mieux s\u00e9curiser leurs stocks. Il y a aussi une bonne partie des graines destin\u00e9es \u00e0 l\u2019exploitation.\u00bb<\/p>\n\n\n\n<p>\u00abSi l\u2019Etat appuie la Sonacos, les emplois seront conserver\u00bb<\/p>\n\n\n\n<p>Revenant sur les prix, il a indiqu\u00e9 que la Sonacos a suivi le march\u00e9. \u00abNous avons commenc\u00e9 par 300, ensuite 325, puis 375, 425 et au moment o\u00f9 nous parlons, le prix vendu \u00e0 l\u2019usine par la Sonacos est fix\u00e9 \u00e0 450 francs. Ce qui est in\u00e9dit dans l\u2019histoire de la Sonacos. Jamais on a propos\u00e9 un prix aussi r\u00e9mun\u00e9rateur\u00bb, a-t-il pari\u00e9.<\/p>\n\n\n\n<p>Avant de se d\u00e9soler : \u00abMalgr\u00e9 tous ces efforts qu\u2019on a fait et m\u00eame les efforts de pr\u00e9paration, parce que nous avons pu d\u00e9crocher un investissement de 52 milliards de F Cfa, mais jus\u00acqu\u2019\u00e0 pr\u00e9sent, nous ne par\u00acvenons m\u00eame pas \u00e0 consommer les 6 milliards.\u00bb Convaincu que la Sonacos peut redresser la barre, Modou Diagne Fada assure que \u00abla production est encore au S\u00e9n\u00e9gal et si la Sonacos est appuy\u00e9e par l\u2019Etat, il n\u2019y a pas de raison qu\u2019on ne puisse pas avoir un minimum, afin de conserver int\u00e9gralement les emplois au niveau de la Sonacos\u00bb.<\/p>\n\n\n\n<p>Il a n\u00e9anmoins expliqu\u00e9 qu\u2019avec cette situation, que \u00absi on se limite seulement \u00e0 15 000 tonnes, on ne pourra pas fonctionner correctement. On sera oblig\u00e9 d\u2019envisager d\u2019autres solutions, comme se remettre \u00e0 l\u2019importation du v\u00e9g\u00e9tal, essayer de d\u00e9velopper d\u2019avantage nos unit\u00e9s de fabrication d\u2019aliments de b\u00e9tail\u2026\u00bb.<br>Bes Bi<br><\/p>\n","protected":false},"excerpt":{"rendered":"<p>La Sonacos vit actuellement une p\u00e9riode sombre. Sur les ondes de Rsi, hier, le Directeur g\u00e9n\u00e9ral de la Sonacos, Modou<\/p>\n","protected":false},"author":1,"featured_media":3003,"comment_status":"open","ping_status":"open","sticky":false,"template":"","format":"standard","meta":{"footnotes":""},"categories":[3],"tags":[],"class_list":["post-7051","post","type-post","status-publish","format-standard","has-post-thumbnail","hentry","category-event-more-news"],"_links":{"self":[{"href":"https:\/\/dekkbi.com\/index.php?rest_route=\/wp\/v2\/posts\/7051","targetHints":{"allow":["GET"]}}],"collection":[{"href":"https:\/\/dekkbi.com\/index.php?rest_route=\/wp\/v2\/posts"}],"about":[{"href":"https:\/\/dekkbi.com\/index.php?rest_route=\/wp\/v2\/types\/post"}],"author":[{"embeddable":true,"href":"https:\/\/dekkbi.com\/index.php?rest_route=\/wp\/v2\/users\/1"}],"replies":[{"embeddable":true,"href":"https:\/\/dekkbi.com\/index.php?rest_route=%2Fwp%2Fv2%2Fcomments&post=7051"}],"version-history":[{"count":1,"href":"https:\/\/dekkbi.com\/index.php?rest_route=\/wp\/v2\/posts\/7051\/revisions"}],"predecessor-version":[{"id":7052,"href":"https:\/\/dekkbi.com\/index.php?rest_route=\/wp\/v2\/posts\/7051\/revisions\/7052"}],"wp:featuredmedia":[{"embeddable":true,"href":"https:\/\/dekkbi.com\/index.php?rest_route=\/wp\/v2\/media\/3003"}],"wp:attachment":[{"href":"https:\/\/dekkbi.com\/index.php?rest_route=%2Fwp%2Fv2%2Fmedia&parent=7051"}],"wp:term":[{"taxonomy":"category","embeddable":true,"href":"https:\/\/dekkbi.com\/index.php?rest_route=%2Fwp%2Fv2%2Fcategories&post=7051"},{"taxonomy":"post_tag","embeddable":true,"href":"https:\/\/dekkbi.com\/index.php?rest_route=%2Fwp%2Fv2%2Ftags&post=7051"}],"curies":[{"name":"wp","href":"https:\/\/api.w.org\/{rel}","templated":true}]}}