{"id":7033,"date":"2023-02-01T14:46:21","date_gmt":"2023-02-01T14:46:21","guid":{"rendered":"https:\/\/dekkbi.com\/?p=7033"},"modified":"2023-02-01T14:46:23","modified_gmt":"2023-02-01T14:46:23","slug":"haute-cour-de-justice-yewwi-depose-une-requete-visant-10-ministres","status":"publish","type":"post","link":"https:\/\/dekkbi.com\/?p=7033","title":{"rendered":"Haute Cour de Justice : Yewwi d\u00e9pose une requ\u00eate visant 10 ministres !"},"content":{"rendered":"\n<h1 class=\"has-small-font-size wp-block-heading\"><a href=\"javascript:updateFontSize(1)\"><\/a>iGFM &#8211; (Dakar) Dans l\u2019affaire du rapport de la Cour des comptes sur la gestion du fonds Force covid-19, le groupe parlementaire Yewwi Askan Wi a d\u00e9pos\u00e9 une \u00a0proposition de r\u00e9solution de mise en accusation qui vise 10 ministres.<\/h1>\n\n\n\n<p>Le groupe parlementaire Yewwi Askan Wi ne veut pas l\u00e2cher l\u2019affaire. Il a saisi l&rsquo;Assembl\u00e9e d&rsquo;une proposition de r\u00e9solution visant la mise en accusation de certains actuels et ex ministres devant la haute cour de Jusitce pour \u00abinfractions pr\u00e9sum\u00e9s dans la gestion du fonds Force Covid-19.\u00bb<br><br>Sont vis\u00e9s : Abdoulaye Diouf Sarr, Abdoulaye Daouda Diallo, Aminata Assome Diatta, Mansour Faye, Zahra Iyane Thiam, moustapha Diop, Abdoulaye Diop, Sophie Gladima, N\u00e9n\u00e9 Fatoumata Tall et Nd\u00e8ye Saly Diop Dieng.<br><br>\u00abPlusieurs ministres sont cit\u00e9 directement ou indirectement dans ce rapport. Mais curieusement, seuls les directeurs charg\u00e9s de l\u2019administration g\u00e9n\u00e9rale et de l\u2019\u00e9quipement de certains minist\u00e8res ont fait l\u2019objet d\u2019une demande d\u2019information judiciaire dans les recommandations aux ministre de la Justice\u00bb, se d\u00e9solent les d\u00e9put\u00e9s, auteurs de la requ\u00eate, dans leur document.<br><br>Ils estiment que les ministres &nbsp;sont les principaux ordonnateurs des cr\u00e9dits objet des manquements graves relev\u00e9s par la Cour des comptes. Et il est de la responsabilit\u00e9 de l\u2019Assembl\u00e9e nationale, en vertu de ses pouvoirs constitutionnels, \u00abd\u2019\u00e9clairer l\u2019opinion sur la responsabilit\u00e9 des ministres impliqu\u00e9s dans l\u2019ex\u00e9cution du fonds\u00bb.<br><br>Ils d\u00e9clarent que leur proposition de r\u00e9solution \u00abvise \u00e0 lever tout obstacle tendant \u00e0 absoudre &nbsp;les ministres ou de les soustraire de la chaine de responsabilit\u00e9.\u00bb<\/p>\n","protected":false},"excerpt":{"rendered":"<p>iGFM &#8211; (Dakar) Dans l\u2019affaire du rapport de la Cour des comptes sur la gestion du fonds Force covid-19, le<\/p>\n","protected":false},"author":1,"featured_media":7034,"comment_status":"open","ping_status":"open","sticky":false,"template":"","format":"standard","meta":{"footnotes":""},"categories":[6],"tags":[],"class_list":["post-7033","post","type-post","status-publish","format-standard","has-post-thumbnail","hentry","category-politics"],"_links":{"self":[{"href":"https:\/\/dekkbi.com\/index.php?rest_route=\/wp\/v2\/posts\/7033","targetHints":{"allow":["GET"]}}],"collection":[{"href":"https:\/\/dekkbi.com\/index.php?rest_route=\/wp\/v2\/posts"}],"about":[{"href":"https:\/\/dekkbi.com\/index.php?rest_route=\/wp\/v2\/types\/post"}],"author":[{"embeddable":true,"href":"https:\/\/dekkbi.com\/index.php?rest_route=\/wp\/v2\/users\/1"}],"replies":[{"embeddable":true,"href":"https:\/\/dekkbi.com\/index.php?rest_route=%2Fwp%2Fv2%2Fcomments&post=7033"}],"version-history":[{"count":1,"href":"https:\/\/dekkbi.com\/index.php?rest_route=\/wp\/v2\/posts\/7033\/revisions"}],"predecessor-version":[{"id":7035,"href":"https:\/\/dekkbi.com\/index.php?rest_route=\/wp\/v2\/posts\/7033\/revisions\/7035"}],"wp:featuredmedia":[{"embeddable":true,"href":"https:\/\/dekkbi.com\/index.php?rest_route=\/wp\/v2\/media\/7034"}],"wp:attachment":[{"href":"https:\/\/dekkbi.com\/index.php?rest_route=%2Fwp%2Fv2%2Fmedia&parent=7033"}],"wp:term":[{"taxonomy":"category","embeddable":true,"href":"https:\/\/dekkbi.com\/index.php?rest_route=%2Fwp%2Fv2%2Fcategories&post=7033"},{"taxonomy":"post_tag","embeddable":true,"href":"https:\/\/dekkbi.com\/index.php?rest_route=%2Fwp%2Fv2%2Ftags&post=7033"}],"curies":[{"name":"wp","href":"https:\/\/api.w.org\/{rel}","templated":true}]}}