{"id":7010,"date":"2023-01-30T16:45:22","date_gmt":"2023-01-30T16:45:22","guid":{"rendered":"https:\/\/dekkbi.com\/?p=7010"},"modified":"2023-01-30T16:45:23","modified_gmt":"2023-01-30T16:45:23","slug":"nous-assistons-a-la-naissance-dun-technicien-de-haut-niveau-la-france-sous-le-charme-de-will-still","status":"publish","type":"post","link":"https:\/\/dekkbi.com\/?p=7010","title":{"rendered":"\u201cNous assistons \u00e0 la naissance d\u2019un technicien de haut niveau\u201d: la France sous le charme de Will Still"},"content":{"rendered":"\n<p>Le style de Will pl\u00e9biscit\u00e9. En France, l\u2019audace tactique, l\u2019approche humaine et la communication franche de l\u2019entra\u00eeneur de 30 ans sont per\u00e7ues comme une v\u00e9ritable bouff\u00e9e d&rsquo;air frais. Les portraits du Braban\u00e7on wallon se suivent, les louanges pleuvent. \u00c0 l\u2019aube du duel de prestige contre le PSG, le coach \u00e0 succ\u00e8s de Reims a accord\u00e9 une longue interview au quotidien l\u2019\u00c9quipe. Le lendemain, c\u2019est le diffuseur de la Ligue 1 Amazon qui a consacr\u00e9 un reportage \u00e0 la m\u00e9thode \u201cStill\u201d. Le point arrach\u00e9 \u00e0 la 96e minute au Parc des Princes lui vaut de nouveaux \u00e9loges.<\/p>\n\n\n\n<p>\u201cAu premier regard, tu te dis \u2018<em>il a une t\u00eate d&rsquo;adjoint\u2019.<\/em>&nbsp;Mais quand tu fais attention \u00e0 lui, que tu casses la vitrine superficielle, tu appr\u00e9cies son discours, sa pr\u00e9sence en bord du terrain&#8230; Il est en train de se construire une image de T1&Prime;, estime le c\u00e9l\u00e8bre journaliste fran\u00e7ais Daniel Riolo sur les ondes de RMC.<\/p>\n\n\n\n<p>Celui qui trustait les pelouses de l\u2019anti-chambre de l\u2019\u00e9lite belge, il y a deux ans \u00e0 peine, a pi\u00e9g\u00e9 le PSG et sa pl\u00e9thore de stars, dimanche soir. Gr\u00e2ce notamment \u00e0 un plan tactique audacieux. L\u2019id\u00e9e? Aller chercher les Parisiens (tr\u00e8s) haut. \u201cOn voulait fermer l\u2019axe et les obliger \u00e0 reculer. Les forces \u00e0 jouer le plus souvent possible avec Donnaruma. On voulait les placer dans le plus grand inconfort possible et les obliger \u00e0 faire des choses qu\u2019ils n\u2019avaient pas envie de faire\u201d, commente l\u2019ancien entra\u00eeneur du Beerschot.<\/p>\n\n\n\n<p>Une philosophie positive r\u00e9compens\u00e9e par un point et par de nombreux compliments notamment dans l\u2019Equipe o\u00f9 WIll Still est aur\u00e9ol\u00e9 du titre d\u2019entra\u00eeneur de la semaine. \u201cNous assistons chaque semaine \u00e0 la naissance d\u2019un technicien de haut niveau. Son plan de jeu a fonctionn\u00e9. Son coaching aboutit \u00e0 ce nul ultra-m\u00e9rit\u00e9.\u201d<\/p>\n\n\n\n<blockquote class=\"wp-block-quote is-layout-flow wp-block-quote-is-layout-flow\">\n<p><strong>Prime Video Sport France<\/strong>&nbsp;@PVSportFR<img decoding=\"async\" src=\"https:\/\/statics.7sur7.be\/img\/icons\/twitter-bird-93b4d57f28.svg\"><\/p>\n\n\n\n<p><a href=\"https:\/\/twitter.com\/PVSportFR\/statuses\/1619772309597786113\">\ud83e\udd23 Will Still : &amp;quot;Balogun, ton Fran\u00e7ais est choquant, c&amp;#39;est terrible ! &amp;quot;&lt;br&gt;&lt;br&gt;Une s\u00e9ance avec le coach du &lt;a href=\u00a0\u00bbhttps:\/\/twitter.com\/StadeDeReims?ref_src=twsrc%5Etfw\u00a0\u00bb&gt;@StadeDeReims&lt;\/a&gt;, tout en complicit\u00e9 avec son groupe. &lt;a href=\u00a0\u00bbhttps:\/\/twitter.com\/hashtag\/PrimeVideoLigue1?src=hash&amp;amp;ref_src=twsrc%5Etfw\u00a0\u00bb&gt;#PrimeVideoLigue1&lt;\/a&gt; I &lt;a href=\u00a0\u00bbhttps:\/\/twitter.com\/hashtag\/Ligue1UberEats?src=hash&amp;amp;ref_src=twsrc%5Etfw\u00a0\u00bb&gt;#Ligue1UberEats&lt;\/a&gt; &lt;a href=\u00a0\u00bbhttps:\/\/t.co\/BX8OLtpATC\u00a0\u00bb&gt;pic.twitter.com\/BX8OLtpATC&lt;\/a&gt;<\/a><\/p>\n<\/blockquote>\n\n\n\n<h2 class=\"wp-block-heading\">\u201cUne mentalit\u00e9 de vainqueur\u201d<\/h2>\n\n\n\n<p>Dimanche, en bord terrain son style (vestimentaire, mais pas que) tranchait avec celui de Christrophe Galtier. Des crampons plut\u00f4t que des chaussures cir\u00e9es, le surv\u00eat\u2019 plut\u00f4t que le costume trois pi\u00e8ces, c\u2019est aussi \u00e7a la marque Still. Dans le portrait r\u00e9alis\u00e9 par Amazon, l&rsquo;ancien T2 du Standard avoue ne pas comprendre comment on peut monter sur le terrain avec les joueurs sans chaussures de foot viss\u00e9es aux pieds.<\/p>\n\n\n\n<p>\u201cL\u2019aspect humain est tr\u00e8s important chez lui. Apr\u00e8s, au vu de son pass\u00e9 dans le coaching, je sais aussi qu\u2019il a les capacit\u00e9s \u00e0 utiliser ces datas. Il a r\u00e9ussi \u00e0 cr\u00e9er un vrai \u00e9tat d\u2019esprit collectif et \u00e0 insuffler sa mentalit\u00e9 de vainqueur\u201d, se r\u00e9jouit Thomas Foket interrog\u00e9 par Sudpresse en marge du d\u00e9placement \u00e0 Paris.<\/p>\n\n\n\n<figure class=\"wp-block-image\"><a href=\"https:\/\/www.7sur7.be\/football-etranger\/nous-assistons-a-la-naissance-dun-technicien-de-haut-niveau-la-france-sous-le-charme-de-will-still~a33940ff\/226948313\/\"><img decoding=\"async\" src=\"https:\/\/images0.persgroep.net\/rcs\/qaPx01k6yMS7bhy7DNJYqaNVdBs\/diocontent\/226948313\/_fitwidth\/694\/?appId=21791a8992982cd8da851550a453bd7f&amp;quality=0.8\" alt=\"AFP\"\/><\/a><figcaption class=\"wp-element-caption\">\u00a9 AFP<\/figcaption><\/figure>\n\n\n\n<p>Dans un portrait esquiss\u00e9 au lendemain de petit exploit au Parc des Princes, RMC rappelle qu\u2019il a \u00e9t\u00e9 le plus jeune entra\u00eeneur de l\u2019histoire de la Jupiler Pro League. Son adolescence pass\u00e9e devant les \u00e9crans et Football Manager est \u00e9galement \u00e9voqu\u00e9e par le m\u00e9dia fran\u00e7ais qui souligne la relation entretenue avec son groupe. \u201cTr\u00e8s appr\u00e9ci\u00e9 de ses joueurs, Will Still sait galvaniser son groupe.\u201d<\/p>\n\n\n\n<p>Les dirigeants r\u00e9mois l\u2019ont bien compris et sont m\u00eame pr\u00eats \u00e0 payer 25.000 euros par match dirig\u00e9par le cadet de la fratrie Still. L&rsquo;ancien adjoint de Luka Elsner au Standard ne dispose pas encore de la licence pro UEFA et le club doit donc s&rsquo;acquitter d\u2019une amende \u00e0 chaque fois qu\u2019il prend place comme T1 sur le banc de touche.<\/p>\n","protected":false},"excerpt":{"rendered":"<p>Le style de Will pl\u00e9biscit\u00e9. En France, l\u2019audace tactique, l\u2019approche humaine et la communication franche de l\u2019entra\u00eeneur de 30 ans<\/p>\n","protected":false},"author":1,"featured_media":7011,"comment_status":"open","ping_status":"open","sticky":false,"template":"","format":"standard","meta":{"footnotes":""},"categories":[9],"tags":[],"class_list":["post-7010","post","type-post","status-publish","format-standard","has-post-thumbnail","hentry","category-sports"],"_links":{"self":[{"href":"https:\/\/dekkbi.com\/index.php?rest_route=\/wp\/v2\/posts\/7010","targetHints":{"allow":["GET"]}}],"collection":[{"href":"https:\/\/dekkbi.com\/index.php?rest_route=\/wp\/v2\/posts"}],"about":[{"href":"https:\/\/dekkbi.com\/index.php?rest_route=\/wp\/v2\/types\/post"}],"author":[{"embeddable":true,"href":"https:\/\/dekkbi.com\/index.php?rest_route=\/wp\/v2\/users\/1"}],"replies":[{"embeddable":true,"href":"https:\/\/dekkbi.com\/index.php?rest_route=%2Fwp%2Fv2%2Fcomments&post=7010"}],"version-history":[{"count":1,"href":"https:\/\/dekkbi.com\/index.php?rest_route=\/wp\/v2\/posts\/7010\/revisions"}],"predecessor-version":[{"id":7012,"href":"https:\/\/dekkbi.com\/index.php?rest_route=\/wp\/v2\/posts\/7010\/revisions\/7012"}],"wp:featuredmedia":[{"embeddable":true,"href":"https:\/\/dekkbi.com\/index.php?rest_route=\/wp\/v2\/media\/7011"}],"wp:attachment":[{"href":"https:\/\/dekkbi.com\/index.php?rest_route=%2Fwp%2Fv2%2Fmedia&parent=7010"}],"wp:term":[{"taxonomy":"category","embeddable":true,"href":"https:\/\/dekkbi.com\/index.php?rest_route=%2Fwp%2Fv2%2Fcategories&post=7010"},{"taxonomy":"post_tag","embeddable":true,"href":"https:\/\/dekkbi.com\/index.php?rest_route=%2Fwp%2Fv2%2Ftags&post=7010"}],"curies":[{"name":"wp","href":"https:\/\/api.w.org\/{rel}","templated":true}]}}