{"id":70,"date":"2015-03-24T06:31:54","date_gmt":"2015-03-24T06:31:54","guid":{"rendered":"http:\/\/demo.themegrill.com\/colormag\/?p=70"},"modified":"2022-10-12T11:01:37","modified_gmt":"2022-10-12T11:01:37","slug":"looks-from-the-aowsana-2015","status":"publish","type":"post","link":"https:\/\/dekkbi.com\/?p=70","title":{"rendered":"Crise \u00e0 La Poste : Alioune Tine pointe la source du mal"},"content":{"rendered":"<div><span style=\"font-size: large;\">\u00c7a a chauff\u00e9 hier au si\u00e8ge de la Poste. La manifestation des agents a \u00e9t\u00e9 r\u00e9prim\u00e9e par la police. Le constat est unanime. La bo\u00eete traverse des jours sombres et le pire est \u00e0 craindre. Pour le fondateur de Afrikajom Center, cette situation d\u00e9coule d\u2019un probl\u00e8me dans le choix des directeurs. \u00ab L\u2019effondrement de La Poste est la preuve par 9, qu\u2019un PDG choisi sur des bases partisanes, impliqu\u00e9es dans des logiques politiciennes et \u00e9lectoralistes est une catastrophe \u00bb a-t-il affirm\u00e9 dans un tweet.<\/span><\/div>\n<div><\/div>\n<div><span style=\"font-size: large;\">En outre, Alioune Tine juge \u00ab inacceptable \u00bb \u00ab la mobilisation de la police pour r\u00e9primer les travailleurs de La Poste qui protestent contre des salaires non pay\u00e9s dans le contexte de la rentr\u00e9e des classes \u00bb. Il invite la 14\u00e8me l\u00e9gislature \u00e0 \u201cagir\u201d.<\/span><\/div>\n","protected":false},"excerpt":{"rendered":"<p>\u00c7a a chauff\u00e9 hier au si\u00e8ge de la Poste. La manifestation des agents a \u00e9t\u00e9 r\u00e9prim\u00e9e par la police. Le<\/p>\n","protected":false},"author":1,"featured_media":1605,"comment_status":"open","ping_status":"open","sticky":false,"template":"","format":"standard","meta":{"footnotes":""},"categories":[21],"tags":[],"class_list":["post-70","post","type-post","status-publish","format-standard","has-post-thumbnail","hentry","category-societe"],"_links":{"self":[{"href":"https:\/\/dekkbi.com\/index.php?rest_route=\/wp\/v2\/posts\/70","targetHints":{"allow":["GET"]}}],"collection":[{"href":"https:\/\/dekkbi.com\/index.php?rest_route=\/wp\/v2\/posts"}],"about":[{"href":"https:\/\/dekkbi.com\/index.php?rest_route=\/wp\/v2\/types\/post"}],"author":[{"embeddable":true,"href":"https:\/\/dekkbi.com\/index.php?rest_route=\/wp\/v2\/users\/1"}],"replies":[{"embeddable":true,"href":"https:\/\/dekkbi.com\/index.php?rest_route=%2Fwp%2Fv2%2Fcomments&post=70"}],"version-history":[{"count":1,"href":"https:\/\/dekkbi.com\/index.php?rest_route=\/wp\/v2\/posts\/70\/revisions"}],"predecessor-version":[{"id":1606,"href":"https:\/\/dekkbi.com\/index.php?rest_route=\/wp\/v2\/posts\/70\/revisions\/1606"}],"wp:featuredmedia":[{"embeddable":true,"href":"https:\/\/dekkbi.com\/index.php?rest_route=\/wp\/v2\/media\/1605"}],"wp:attachment":[{"href":"https:\/\/dekkbi.com\/index.php?rest_route=%2Fwp%2Fv2%2Fmedia&parent=70"}],"wp:term":[{"taxonomy":"category","embeddable":true,"href":"https:\/\/dekkbi.com\/index.php?rest_route=%2Fwp%2Fv2%2Fcategories&post=70"},{"taxonomy":"post_tag","embeddable":true,"href":"https:\/\/dekkbi.com\/index.php?rest_route=%2Fwp%2Fv2%2Ftags&post=70"}],"curies":[{"name":"wp","href":"https:\/\/api.w.org\/{rel}","templated":true}]}}