{"id":6991,"date":"2023-01-30T16:07:12","date_gmt":"2023-01-30T16:07:12","guid":{"rendered":"https:\/\/dekkbi.com\/?p=6991"},"modified":"2023-01-30T16:07:13","modified_gmt":"2023-01-30T16:07:13","slug":"le-secretaire-detat-americain-au-proche-orient-en-pleine-flambee-des-violences","status":"publish","type":"post","link":"https:\/\/dekkbi.com\/?p=6991","title":{"rendered":"Le secr\u00e9taire d\u2019\u00c9tat am\u00e9ricain au Proche-Orient en pleine flamb\u00e9e des violences"},"content":{"rendered":"\n<h3 class=\"wp-block-heading\">(rfi.fr)- En provenance du Caire, le chef de la diplomatie am\u00e9ricaine, Antony Blinken, entame ce lundi 30 janvier une visite en Isra\u00ebl et en Palestine, pour tenter d\u2019apaiser les tensions dans la r\u00e9gion. Une tourn\u00e9e qui s\u2019annonce difficile.<\/h3>\n\n\n\n<p>Direction J\u00e9rusalem et Ramallah, pour le secr\u00e9taire d\u2019\u00c9tat am\u00e9ricain. Un d\u00e9placement pr\u00e9vu de longue date, mais qui intervient en pleine d\u00e9gradation de la situation s\u00e9curitaire, rapporte notre&nbsp;<em>correspondant \u00e0 J\u00e9rusalem,<\/em>&nbsp;<strong>Michel Paul<\/strong>.<\/p>\n\n\n\n<p>Ce sera la pr\u00e9occupation num\u00e9ro un d\u2019Antony Blinken. Il va inviter ses interlocuteurs, le pr\u00e9sident de l\u2019Autorit\u00e9 palestinienne Mahmoud Abbas et le Premier ministre isra\u00e9lien Benyamin Netanyahu, \u00e0 prendre des mesures urgentes en vue d\u2019une d\u00e9sescalade.<\/p>\n\n\n\n<p>Acte\u00a0I\u00a0: ce lundi. Rencontre cet apr\u00e8s-midi, avec le Premier ministre isra\u00e9lien. L\u2019envoy\u00e9 de Washington conna\u00eet bien Benyamin Netanyahu. Mais c\u2019est son entourage qui inqui\u00e8te la Maison Blanche. Benyamin Netanyahu, fra\u00eechement revenu au pouvoir, s\u2019est alli\u00e9 avec l\u2019extr\u00eame droite, rappelle\u00a0<strong>Sami Boukhelifa<\/strong>, notre correspondant \u00e0 J\u00e9rusalem. Dans son nouveau gouvernement\u00a0: des ministres supr\u00e9macistes juifs, ouvertement racistes et annexionnistes. \u00ab\u00a0<em>Toute la terre d\u2019Isra\u00ebl nous appartient\u00a0<\/em>\u00bb clament-ils. La terre d\u2019Isra\u00ebl, telle qu\u2019ils l\u2019imaginent, englobe \u00e9galement les Territoires palestiniens. Mais l\u2019administration am\u00e9ricaine reste attach\u00e9e, sur le principe, \u00e0 la solution \u00e0 deux \u00c9tats. Un \u00c9tat isra\u00e9lien et un \u00c9tat palestinien, c\u00f4te \u00e0 c\u00f4te.<\/p>\n\n\n\n<p>Autre pr\u00e9occupation des \u00c9tats-Unis : le statuquo autour de l\u2019Esplanade des Mosqu\u00e9es \u00e0 J\u00e9rusalem. Seuls les musulmans peuvent y prier. Pas question de changer quoi que ce soit, avertit Washington.<\/p>\n\n\n\n<p>L\u2019acte II de cette visite se tiendra \u00e0 Ramallah, mardi. Discussions entre le secr\u00e9taire d\u2019\u00c9tat am\u00e9ricain et le pr\u00e9sident de l\u2019Autorit\u00e9 palestinienne. Antony Blinken veut convaincre Mahmoud Abbas de maintenir le dialogue avec les Isra\u00e9liens.<\/p>\n\n\n\n<p>\u00c0 la suite du raid meurtrier men\u00e9 par l\u2019arm\u00e9e isra\u00e9lienne \u00e0 J\u00e9nine, les autorit\u00e9s palestiniennes ont annonc\u00e9 geler la coordination s\u00e9curitaire avec l\u2019\u00c9tat h\u00e9breu. Une d\u00e9cision regrettable, estime Washington.<\/p>\n\n\n\n<p>Autre sujet au centre des entretiens : le dossier nucl\u00e9aire iranien. La visite intervient alors que des sources am\u00e9ricaines affirment qu\u2019Isra\u00ebl est responsable d\u2019une attaque de drones sur une\u00a0<strong>usine d\u2019armements \u00e0 Ispahan<\/strong>. Silence complet sur ce sujet en Isra\u00ebl.<\/p>\n\n\n\n<p>Et puis il y a aussi les sujets qui risquent de f\u00e2cher, comme la r\u00e9forme judiciaire entam\u00e9e par le gouvernement isra\u00e9lien.<\/p>\n\n\n\n<p>Les \u00c9tats-Unis ont beau \u00eatre le plus grand alli\u00e9 d\u2019Isra\u00ebl, son plus grand soutien militaire et diplomatique, l\u2019\u00c9tat h\u00e9breu se laisse rarement dicter sa conduite, et agit selon son propre agenda. Il s\u2019agira donc davantage pour Antony Blinken de rappeler les grands principes auxquels sont attach\u00e9s les \u00c9tats-Unis. Et esp\u00e9rer que Benyamin Netanyahu parvienne \u00e0 contr\u00f4ler ses troupes d\u2019extr\u00e9mistes. Ce n\u2019est pas gagn\u00e9.<\/p>\n\n\n\n<h2 class=\"wp-block-heading\">Renouer avec \u00ab Bibi&nbsp;\u00bb<\/h2>\n\n\n\n<p>Pour la Maison Blanche, il s\u2019agissait avant tout de renouer le contact avec Benyamin Netanyahu, tout juste r\u00e9\u00e9lu avec sa coalition d\u2019extr\u00eame droite, et de rappeler l\u2019attachement des \u00c9tats-Unis \u00e0 une solution \u00e0 deux \u00c9tats.<\/p>\n\n\n\n<p>Le programme du nouveau gouvernement isra\u00e9lien est une source d\u2019inqui\u00e9tude pour Washington, notamment la r\u00e9forme de la justice, tr\u00e8s critiqu\u00e9e \u00e0 l\u2019int\u00e9rieur m\u00eame d\u2019Isra\u00ebl.<\/p>\n\n\n\n<p>Et puis, il y a aussi le projet de l\u00e9galisation de dizaines de colonies ill\u00e9gales de Cisjordanie. Une ligne rouge pour Washington, qui mettait en garde, il y a quelques semaines, contre toute poursuite de la politique de colonisation.<\/p>\n\n\n\n<p>La venue d\u2019Antony Blinken devrait ainsi permettre d\u2019\u00e9voquer tout cela, mais les entretiens avec les dirigeants isra\u00e9liens et palestiniens risquent d\u2019\u00eatre domin\u00e9s par le regain de tension entre les deux parties. Et le chef de la diplomatie am\u00e9ricaine ne pourra sans doute rien faire de plus que d\u2019appeler au calme.<\/p>\n\n\n\n<p>L\u2019administration am\u00e9ricaine se serait bien pass\u00e9e de ces nouvelles tensions, d\u2019autant qu\u2019elle est d\u00e9j\u00e0 bien occup\u00e9e avec la guerre en Ukraine et les relations avec la Chine.<\/p>\n","protected":false},"excerpt":{"rendered":"<p>(rfi.fr)- En provenance du Caire, le chef de la diplomatie am\u00e9ricaine, Antony Blinken, entame ce lundi 30 janvier une visite<\/p>\n","protected":false},"author":1,"featured_media":6992,"comment_status":"open","ping_status":"open","sticky":false,"template":"","format":"standard","meta":{"footnotes":""},"categories":[51],"tags":[],"class_list":["post-6991","post","type-post","status-publish","format-standard","has-post-thumbnail","hentry","category-general"],"_links":{"self":[{"href":"https:\/\/dekkbi.com\/index.php?rest_route=\/wp\/v2\/posts\/6991","targetHints":{"allow":["GET"]}}],"collection":[{"href":"https:\/\/dekkbi.com\/index.php?rest_route=\/wp\/v2\/posts"}],"about":[{"href":"https:\/\/dekkbi.com\/index.php?rest_route=\/wp\/v2\/types\/post"}],"author":[{"embeddable":true,"href":"https:\/\/dekkbi.com\/index.php?rest_route=\/wp\/v2\/users\/1"}],"replies":[{"embeddable":true,"href":"https:\/\/dekkbi.com\/index.php?rest_route=%2Fwp%2Fv2%2Fcomments&post=6991"}],"version-history":[{"count":1,"href":"https:\/\/dekkbi.com\/index.php?rest_route=\/wp\/v2\/posts\/6991\/revisions"}],"predecessor-version":[{"id":6993,"href":"https:\/\/dekkbi.com\/index.php?rest_route=\/wp\/v2\/posts\/6991\/revisions\/6993"}],"wp:featuredmedia":[{"embeddable":true,"href":"https:\/\/dekkbi.com\/index.php?rest_route=\/wp\/v2\/media\/6992"}],"wp:attachment":[{"href":"https:\/\/dekkbi.com\/index.php?rest_route=%2Fwp%2Fv2%2Fmedia&parent=6991"}],"wp:term":[{"taxonomy":"category","embeddable":true,"href":"https:\/\/dekkbi.com\/index.php?rest_route=%2Fwp%2Fv2%2Fcategories&post=6991"},{"taxonomy":"post_tag","embeddable":true,"href":"https:\/\/dekkbi.com\/index.php?rest_route=%2Fwp%2Fv2%2Ftags&post=6991"}],"curies":[{"name":"wp","href":"https:\/\/api.w.org\/{rel}","templated":true}]}}