{"id":6987,"date":"2023-01-30T15:59:00","date_gmt":"2023-01-30T15:59:00","guid":{"rendered":"https:\/\/dekkbi.com\/?p=6987"},"modified":"2023-01-30T16:28:45","modified_gmt":"2023-01-30T16:28:45","slug":"situation-au-mali-et-au-burkina-gbagbo-tacle-la-cedeao-et-loue-lengagement-dibrahim-traore","status":"publish","type":"post","link":"https:\/\/dekkbi.com\/?p=6987","title":{"rendered":"Situation au Mali et au Burkina : Gbagbo tacle la CEDEAO"},"content":{"rendered":"\n<p>Dans son adresse aux populations de Bayota, Gbagbo a notamment \u00e9voqu\u00e9 les coups d\u2019Etat dans la sous-r\u00e9gion ouest-africaine, notamment au Burkina Faso et au Mali. Pour lui, force est de constater que ces putschs sont approuv\u00e9s par la population. \u00ab Je vois aujourd\u2019hui dans la sous-r\u00e9gion Ouest-Africaine beaucoup de coups d\u2019Etat qui viennent et qui sont soutenus par la population. Moi-m\u00eame Gbagbo je n\u2019aime pas les coups d&rsquo;\u00c9tat. Je n\u2019aime ni les coups d\u2019Etat militaires ni les coups d&rsquo;\u00c9tat civils\u2026 Ce que j\u2019observe aujourd\u2019hui, je ne connais pas bien la situation en Guin\u00e9e, mais c\u2019est qu\u2019au Burkina Faso et au Mali, les jeunes gens qui ont fait des coups d\u2019Etat sont soutenus par la population \u00bb a d\u00e9clar\u00e9 l\u2019ex-pr\u00e9sident ivoirien avant de s\u2019en prendre \u00e0 la Cedeao.<\/p>\n\n\n\n<p>Ils ont \u00ab promis de lutter contre les djihadistes et ils le font bien \u00bb<\/p>\n\n\n\n<p>En effet, pour le patron du Parti des peuples africains-C\u00f4te d\u2019Ivoire (PPA-CI), l\u2019organisation sous-r\u00e9gionale ne cherche pas \u00e0 comprendre les raisons de ces putschs, encore moins la raison pour laquelle le peuple les approuve, avant de brandir le b\u00e2ton. \u00ab Au Mali, on leur a ferm\u00e9 des fronti\u00e8res, heureusement que le Mali avait la Guin\u00e9e et l\u2019Alg\u00e9rie, sinon la C\u00f4te d\u2019Ivoire, le Ghana, le Togo, tous ceux-l\u00e0 refusaient de livrer des marchandises au Mali. Je pense que ce n\u2019est pas une bonne chose. Il faut toujours regarder pourquoi il y a un coup d\u2019Etat et pourquoi les gens applaudissent ce coup d\u2019Etat \u00bb a d\u00e9nonc\u00e9 Laurent Gbagbo. Au Mali et au Burkina, ces putschs sont autant salu\u00e9s par les populations parce que leurs commanditaires (Goita et Traor\u00e9) ont \u00ab promis de lutter contre les djihadistes et ils le font bien \u00bb assure l\u2019ancien dirigeant ivoirien.<\/p>\n\n\n\n<p>\u00ab Je propose \u00e0 la Cedeao de cr\u00e9er une brigade anti-djihadiste \u00bb<\/p>\n\n\n\n<p>Il trouve m\u00eame que le capitaine burkinab\u00e8 est au front. \u00ab Ibrahim Traor\u00e9 n\u2019est m\u00eame plus dans son bureau, il est sur le terrain. Donc au lieu que la Cedeao fasse un communiqu\u00e9 et leur donne des ordres m\u00e9chants et les oblige \u00e0 faire les \u00e9lections, comme si \u00e7a pouvait r\u00e9gler les questions du djihadisme, je propose \u00e0 la Cedeao de cr\u00e9er une brigade anti-djihadiste, comprenant les militaires de tous les pays de la Cedeao \u00bb a d\u00e9clar\u00e9 le pr\u00e9d\u00e9cesseur d\u2019Alassane Ouattara. Cette brigade va d\u2019apr\u00e8s lui, lutter contre le terrorisme et \u00e9viter aux pays ouest-africains d\u2019appeler \u00ab \u00e0 tout moment les troupes europ\u00e9ennes \u00bb pour d\u00e9fendre leurs territoires.<\/p>\n\n\n\n<p>Ceux qui font les coups d\u2019Etat civils et militaires sont les m\u00eames<\/p>\n\n\n\n<p>&nbsp;Il invite donc la Cedeao \u00e0 aller dans ce sens au lieu \u00ab d\u2019engueuler \u00bb les putschistes. \u00ab Ils se mettent \u00e0 engueuler ces dirigeants, ils ont tout faux. Moi-m\u00eame je suis contre les coups d\u2019Etat militaires et civils (3 mandats ou plus). Mais attention, il ne faut pas que ceux qui font les coups d\u2019Etat civils fustigent ceux qui font les coups d\u2019Etat militaires, car ils sont les m\u00eames \u00bb a d\u00e9clar\u00e9 Laurent Gbagbo. Notons que son pays la C\u00f4te d\u2019Ivoire avait soutenu les sanctions de la Cedeao contre le Mali et le Burkina Faso notamment.<\/p>\n","protected":false},"excerpt":{"rendered":"<p>Dans son adresse aux populations de Bayota, Gbagbo a notamment \u00e9voqu\u00e9 les coups d\u2019Etat dans la sous-r\u00e9gion ouest-africaine, notamment au<\/p>\n","protected":false},"author":1,"featured_media":6988,"comment_status":"open","ping_status":"open","sticky":false,"template":"","format":"standard","meta":{"footnotes":""},"categories":[51],"tags":[],"class_list":["post-6987","post","type-post","status-publish","format-standard","has-post-thumbnail","hentry","category-general"],"_links":{"self":[{"href":"https:\/\/dekkbi.com\/index.php?rest_route=\/wp\/v2\/posts\/6987","targetHints":{"allow":["GET"]}}],"collection":[{"href":"https:\/\/dekkbi.com\/index.php?rest_route=\/wp\/v2\/posts"}],"about":[{"href":"https:\/\/dekkbi.com\/index.php?rest_route=\/wp\/v2\/types\/post"}],"author":[{"embeddable":true,"href":"https:\/\/dekkbi.com\/index.php?rest_route=\/wp\/v2\/users\/1"}],"replies":[{"embeddable":true,"href":"https:\/\/dekkbi.com\/index.php?rest_route=%2Fwp%2Fv2%2Fcomments&post=6987"}],"version-history":[{"count":2,"href":"https:\/\/dekkbi.com\/index.php?rest_route=\/wp\/v2\/posts\/6987\/revisions"}],"predecessor-version":[{"id":7006,"href":"https:\/\/dekkbi.com\/index.php?rest_route=\/wp\/v2\/posts\/6987\/revisions\/7006"}],"wp:featuredmedia":[{"embeddable":true,"href":"https:\/\/dekkbi.com\/index.php?rest_route=\/wp\/v2\/media\/6988"}],"wp:attachment":[{"href":"https:\/\/dekkbi.com\/index.php?rest_route=%2Fwp%2Fv2%2Fmedia&parent=6987"}],"wp:term":[{"taxonomy":"category","embeddable":true,"href":"https:\/\/dekkbi.com\/index.php?rest_route=%2Fwp%2Fv2%2Fcategories&post=6987"},{"taxonomy":"post_tag","embeddable":true,"href":"https:\/\/dekkbi.com\/index.php?rest_route=%2Fwp%2Fv2%2Ftags&post=6987"}],"curies":[{"name":"wp","href":"https:\/\/api.w.org\/{rel}","templated":true}]}}