{"id":6985,"date":"2023-01-30T15:56:51","date_gmt":"2023-01-30T15:56:51","guid":{"rendered":"https:\/\/dekkbi.com\/?p=6985"},"modified":"2023-01-30T15:56:52","modified_gmt":"2023-01-30T15:56:52","slug":"thies-le-prochain-conseil-des-ministres-decentralise-repousse","status":"publish","type":"post","link":"https:\/\/dekkbi.com\/?p=6985","title":{"rendered":"Thi\u00e8s : Le prochain Conseil des ministres d\u00e9centralis\u00e9, repouss\u00e9"},"content":{"rendered":"\n<p>La r\u00e9gion de Thi\u00e8s va accueillir le prochain Conseil des ministres d\u00e9centralis\u00e9. Le chef de l\u2019Etat devrait s\u00e9journer du 6 au 8 f\u00e9vrier 2023. Mais, son calendrier a connu un l\u00e9ger r\u00e9am\u00e9nagement. Programm\u00e9 le 6 f\u00e9vrier \u00e0 la Gouvernance de Thi\u00e8s, ledit Conseil a \u00e9t\u00e9 repouss\u00e9 jusqu\u2019au jeudi 9 f\u00e9vrier 2023.<\/p>\n\n\n\n<p>Le s\u00e9jour du chef de l\u2019Etat pourrait m\u00eame, \u00eatre prolong\u00e9 de quelques jours. Un changement de date qui s\u2019explique par le d\u00e9placement du Pr\u00e9sident Macky Sall \u00e0 Abidjan, pour les besoins du prix Houphou\u00ebt Boigny pour la recherche et la paix initi\u00e9e par l\u2019UNESCO.<\/p>\n\n\n\n<p>D\u2019apr\u00e8s \u00ab\u00a0L\u2019Observateur\u00a0\u00bb, Macky Sall doit remettre ledit prix au nom de l\u2019ex Pr\u00e9sident Abdou Diouf. Cette ann\u00e9e, la distinction revient \u00e0 l\u2019ancienne chanceli\u00e8re Angela Merkel, en reconnaissance de l\u2019accueil des refugi\u00e9s fuyant la guerre en Syrie.<br><\/p>\n\n\n\n<p>Ousmane Wade<\/p>\n\n\n\n<p>LERAL<\/p>\n","protected":false},"excerpt":{"rendered":"<p>La r\u00e9gion de Thi\u00e8s va accueillir le prochain Conseil des ministres d\u00e9centralis\u00e9. Le chef de l\u2019Etat devrait s\u00e9journer du 6<\/p>\n","protected":false},"author":1,"featured_media":0,"comment_status":"open","ping_status":"open","sticky":false,"template":"","format":"standard","meta":{"footnotes":""},"categories":[21],"tags":[],"class_list":["post-6985","post","type-post","status-publish","format-standard","hentry","category-societe"],"_links":{"self":[{"href":"https:\/\/dekkbi.com\/index.php?rest_route=\/wp\/v2\/posts\/6985","targetHints":{"allow":["GET"]}}],"collection":[{"href":"https:\/\/dekkbi.com\/index.php?rest_route=\/wp\/v2\/posts"}],"about":[{"href":"https:\/\/dekkbi.com\/index.php?rest_route=\/wp\/v2\/types\/post"}],"author":[{"embeddable":true,"href":"https:\/\/dekkbi.com\/index.php?rest_route=\/wp\/v2\/users\/1"}],"replies":[{"embeddable":true,"href":"https:\/\/dekkbi.com\/index.php?rest_route=%2Fwp%2Fv2%2Fcomments&post=6985"}],"version-history":[{"count":1,"href":"https:\/\/dekkbi.com\/index.php?rest_route=\/wp\/v2\/posts\/6985\/revisions"}],"predecessor-version":[{"id":6986,"href":"https:\/\/dekkbi.com\/index.php?rest_route=\/wp\/v2\/posts\/6985\/revisions\/6986"}],"wp:attachment":[{"href":"https:\/\/dekkbi.com\/index.php?rest_route=%2Fwp%2Fv2%2Fmedia&parent=6985"}],"wp:term":[{"taxonomy":"category","embeddable":true,"href":"https:\/\/dekkbi.com\/index.php?rest_route=%2Fwp%2Fv2%2Fcategories&post=6985"},{"taxonomy":"post_tag","embeddable":true,"href":"https:\/\/dekkbi.com\/index.php?rest_route=%2Fwp%2Fv2%2Ftags&post=6985"}],"curies":[{"name":"wp","href":"https:\/\/api.w.org\/{rel}","templated":true}]}}