{"id":6972,"date":"2023-01-30T15:36:16","date_gmt":"2023-01-30T15:36:16","guid":{"rendered":"https:\/\/dekkbi.com\/?p=6972"},"modified":"2023-01-30T15:36:17","modified_gmt":"2023-01-30T15:36:17","slug":"tension-politique-appel-au-dialogue-et-a-la-promotion-de-la-paix-des-associations-islamiques","status":"publish","type":"post","link":"https:\/\/dekkbi.com\/?p=6972","title":{"rendered":"Tension politique : Appel au dialogue et \u00e0 la promotion de la paix des associations islamiques"},"content":{"rendered":"\n<p>Le Collectif associations islamiques s\u00e9n\u00e9galais lance une invite aux guides religieux, aux acteurs politiques, \u00e0 la soci\u00e9t\u00e9 civile et aux porteurs de voix. Ces parties prenantes de l\u2019\u00e9chiquier sont appel\u00e9s \u00e0 privil\u00e9gier le dialogue et la concertation, l\u2019esprit de d\u00e9passement et la promotion de la paix et de la stabilit\u00e9 au S\u00e9n\u00e9gal.<\/p>\n\n\n\n<p>\u00ab Nul besoin d\u2019\u00eatre un fin observateur du paysage politique s\u00e9n\u00e9galais pour comprendre qu\u2019il r\u00e8gne, en ce moment, un climat tendu entre acteurs politiques de l\u2019opposition et du pouvoir. Certes, les enjeux sont importants, de part et d\u2019autre, \u00e0 la veille de l\u2019\u00e9lection pr\u00e9sidentielle de 2024, mais dans une d\u00e9mocratie qui a d\u00e9j\u00e0 fait ses \u00e9preuves dans l\u2019\u00e9chiquier africain, le respect de l\u2019Etat de droit et la garantie d\u2019une s\u00e9paration r\u00e9elle des pouvoirs sont des gages de la stabilit\u00e9 politique, sociale et \u00e9conomique du pays \u00bb, ont indiqu\u00e9 les membres du collectif dans un communiqu\u00e9.<\/p>\n\n\n\n<p>Ces associations islamiques pr\u00eachent pour un discours d\u2019apaisement. Elles rejettent toute sortie m\u00e9diatique incitant \u00e0 la division ethnique et religieuse ou encore \u00e0 l\u2019escalade de la violence.<\/p>\n\n\n\n<p>Le Collectif associations islamiques s\u00e9n\u00e9galais a rappel\u00e9 le contexte socio-\u00e9conomique marqu\u00e9 les crises et les dysfonctionnements dans des secteurs cl\u00e9s de notre \u00e9conomie, la hausse du co\u00fbt de la vie, la violence, l\u2019ins\u00e9curit\u00e9, (\u2026) et l\u2019incertitude qui plane \u00e0 l\u2019heure actuelle sur les \u00e9lections de f\u00e9vrier 2024.<\/p>\n\n\n\n<p>Les membres de ces associations appellent \u00e0 la pr\u00e9servation de la paix.<\/p>\n","protected":false},"excerpt":{"rendered":"<p>Le Collectif associations islamiques s\u00e9n\u00e9galais lance une invite aux guides religieux, aux acteurs politiques, \u00e0 la soci\u00e9t\u00e9 civile et aux<\/p>\n","protected":false},"author":1,"featured_media":6973,"comment_status":"open","ping_status":"open","sticky":false,"template":"","format":"standard","meta":{"footnotes":""},"categories":[21],"tags":[],"class_list":["post-6972","post","type-post","status-publish","format-standard","has-post-thumbnail","hentry","category-societe"],"_links":{"self":[{"href":"https:\/\/dekkbi.com\/index.php?rest_route=\/wp\/v2\/posts\/6972","targetHints":{"allow":["GET"]}}],"collection":[{"href":"https:\/\/dekkbi.com\/index.php?rest_route=\/wp\/v2\/posts"}],"about":[{"href":"https:\/\/dekkbi.com\/index.php?rest_route=\/wp\/v2\/types\/post"}],"author":[{"embeddable":true,"href":"https:\/\/dekkbi.com\/index.php?rest_route=\/wp\/v2\/users\/1"}],"replies":[{"embeddable":true,"href":"https:\/\/dekkbi.com\/index.php?rest_route=%2Fwp%2Fv2%2Fcomments&post=6972"}],"version-history":[{"count":1,"href":"https:\/\/dekkbi.com\/index.php?rest_route=\/wp\/v2\/posts\/6972\/revisions"}],"predecessor-version":[{"id":6974,"href":"https:\/\/dekkbi.com\/index.php?rest_route=\/wp\/v2\/posts\/6972\/revisions\/6974"}],"wp:featuredmedia":[{"embeddable":true,"href":"https:\/\/dekkbi.com\/index.php?rest_route=\/wp\/v2\/media\/6973"}],"wp:attachment":[{"href":"https:\/\/dekkbi.com\/index.php?rest_route=%2Fwp%2Fv2%2Fmedia&parent=6972"}],"wp:term":[{"taxonomy":"category","embeddable":true,"href":"https:\/\/dekkbi.com\/index.php?rest_route=%2Fwp%2Fv2%2Fcategories&post=6972"},{"taxonomy":"post_tag","embeddable":true,"href":"https:\/\/dekkbi.com\/index.php?rest_route=%2Fwp%2Fv2%2Ftags&post=6972"}],"curies":[{"name":"wp","href":"https:\/\/api.w.org\/{rel}","templated":true}]}}