{"id":69574,"date":"2026-03-17T11:34:26","date_gmt":"2026-03-17T11:34:26","guid":{"rendered":"https:\/\/dekkbi.com\/?p=69574"},"modified":"2026-03-17T11:34:26","modified_gmt":"2026-03-17T11:34:26","slug":"pacte-de-stabilite-sociale-le-pm-face-aux-crises","status":"publish","type":"post","link":"https:\/\/dekkbi.com\/?p=69574","title":{"rendered":"Pacte de stabilit\u00e9 sociale : Le Pm face aux crises"},"content":{"rendered":"\n<p><strong>Entre dialogue de sourds et avanc\u00e9es historiques, le paysage syndical s\u00e9n\u00e9galais s\u2019agite. Si le gouvernement mise sur le Pacte de stabilit\u00e9 sociale pour pacifier le front social ce lundi, la structure And Gueusseum choisit le retrait. Entre l\u2019exigence d\u2019indemnit\u00e9s de logement pour les agents de sant\u00e9 et le satisfecit sur les d\u00e9parts n\u00e9goci\u00e9s \u00e0 La Poste, Mballo Dia Thiam red\u00e9finit les priorit\u00e9s de sa base.<\/strong><\/p>\n\n\n\n<p><strong>Par Amadou MBODJI \u2013\u00a0<\/strong>Le gouvernement franchit une \u00e9tape d\u00e9cisive dans sa qu\u00eate d\u2019apaisement du climat social. Le Premier ministre, Ousmane Sonko, a pr\u00e9sid\u00e9, ce lundi, la r\u00e9union du Comit\u00e9 de pilotage du Pacte national de stabilit\u00e9 sociale. Si cette rencontre se veut un levier strat\u00e9gique pour la relance \u00e9conomique et la paix civile, elle devra se passer de l\u2019alliance syndicale And Gueusseum, qui a choisi de ne pas si\u00e9ger \u00e0 la table des discussions.<\/p>\n\n\n\n<p>Pour Mballo Dia Thiam, pr\u00e9sident d\u2019And Gueusseum, la d\u00e9cision est avant tout une question de coh\u00e9rence juridique et syndicale. \u00abAnd Gueusseum ne participera pas \u00e0 cette rencontre d\u2019\u00e9valuation, car nous ne sommes pas signataires de ce pacte\u00bb, a-t-il tranch\u00e9. Selon lui, la structure ne peut s\u2019engager dans le suivi d\u2019un document dont elle n\u2019a pas paraph\u00e9 les termes ini\u00adtiaux.<\/p>\n\n\n\n<p><strong>And Gueusseum d\u00e9cline l\u2019invitation<\/strong><\/p>\n\n\n\n<p>Malgr\u00e9 cette absence, l\u2019organisation reste active sur le front des revendications. M. Thiam a rappel\u00e9 avoir \u00e9t\u00e9 entendu samedi par le Haut-conseil du dialogue social (Hcds). A cette occasion, il a r\u00e9it\u00e9r\u00e9 des exigences jug\u00e9es \u00abincompressibles\u00bb pour les travailleurs de la sant\u00e9 : l\u2019octroi de l\u2019indemnit\u00e9 de logement, la s\u00e9curisation des plans de carri\u00e8re et la concr\u00e9tisation de l\u2019assiette fonci\u00e8re de Daga Kholpe, promise par l\u2019ancien Pr\u00e9sident Macky Sall.<\/p>\n\n\n\n<p>Au-del\u00e0 des griefs, Mballo Dia Thiam a tenu \u00e0 saluer une avanc\u00e9e majeure dans un autre secteur en crise : celui de La Poste. Contrairement aux critiques \u00e9mises par certains p\u00f4les syndicaux, le leader d\u2019And Gueusseum a magnifi\u00e9 l\u2019accord facilitant les d\u00e9parts n\u00e9goci\u00e9s pour motifs \u00e9conomiques.<\/p>\n\n\n\n<p>\u00abNous saluons cet accord historique qui a permis d\u2019\u00e9viter des licenciements secs sans indemnit\u00e9s\u00bb, a-t-il d\u00e9clar\u00e9. Gr\u00e2ce \u00e0 une enveloppe gouvernementale de 3 milliards de F Cfa, les agents volontaires au d\u00e9part ont pu b\u00e9n\u00e9ficier de primes allant de 7 \u00e0 30 millions de F Cfa, voire 50 millions dans certains cas.<\/p>\n\n\n\n<p>M. Thiam a conclu en f\u00e9licitant la direction de La Poste, le gouvernement, ainsi que les responsables syndicaux, no-tam\u00adment Amath Diouf (Sntp) et le Sypost, pour avoir privil\u00e9gi\u00e9 une solution sociale con\u00adcr\u00e8te en attendant le traitement des dossiers des autres candidats au d\u00e9part volontaire.<\/p>\n\n\n\n<p><strong>ambodji@lequotidien.sn<\/strong><\/p>\n\n\n\n<p><a href=\"https:\/\/www.facebook.com\/sharer.php?u=https:\/\/lequotidien.sn\/pacte-de-stabilite-sociale-le-pm-face-aux-crises\/\"><\/a><\/p>\n","protected":false},"excerpt":{"rendered":"<p>Entre dialogue de sourds et avanc\u00e9es historiques, le paysage syndical s\u00e9n\u00e9galais s\u2019agite. Si le gouvernement mise sur le Pacte de<\/p>\n","protected":false},"author":1,"featured_media":33969,"comment_status":"open","ping_status":"open","sticky":false,"template":"","format":"standard","meta":{"footnotes":""},"categories":[6],"tags":[],"class_list":["post-69574","post","type-post","status-publish","format-standard","has-post-thumbnail","hentry","category-politics"],"_links":{"self":[{"href":"https:\/\/dekkbi.com\/index.php?rest_route=\/wp\/v2\/posts\/69574","targetHints":{"allow":["GET"]}}],"collection":[{"href":"https:\/\/dekkbi.com\/index.php?rest_route=\/wp\/v2\/posts"}],"about":[{"href":"https:\/\/dekkbi.com\/index.php?rest_route=\/wp\/v2\/types\/post"}],"author":[{"embeddable":true,"href":"https:\/\/dekkbi.com\/index.php?rest_route=\/wp\/v2\/users\/1"}],"replies":[{"embeddable":true,"href":"https:\/\/dekkbi.com\/index.php?rest_route=%2Fwp%2Fv2%2Fcomments&post=69574"}],"version-history":[{"count":1,"href":"https:\/\/dekkbi.com\/index.php?rest_route=\/wp\/v2\/posts\/69574\/revisions"}],"predecessor-version":[{"id":69575,"href":"https:\/\/dekkbi.com\/index.php?rest_route=\/wp\/v2\/posts\/69574\/revisions\/69575"}],"wp:featuredmedia":[{"embeddable":true,"href":"https:\/\/dekkbi.com\/index.php?rest_route=\/wp\/v2\/media\/33969"}],"wp:attachment":[{"href":"https:\/\/dekkbi.com\/index.php?rest_route=%2Fwp%2Fv2%2Fmedia&parent=69574"}],"wp:term":[{"taxonomy":"category","embeddable":true,"href":"https:\/\/dekkbi.com\/index.php?rest_route=%2Fwp%2Fv2%2Fcategories&post=69574"},{"taxonomy":"post_tag","embeddable":true,"href":"https:\/\/dekkbi.com\/index.php?rest_route=%2Fwp%2Fv2%2Ftags&post=69574"}],"curies":[{"name":"wp","href":"https:\/\/api.w.org\/{rel}","templated":true}]}}