{"id":69571,"date":"2026-03-17T11:24:15","date_gmt":"2026-03-17T11:24:15","guid":{"rendered":"https:\/\/dekkbi.com\/?p=69571"},"modified":"2026-03-17T11:24:16","modified_gmt":"2026-03-17T11:24:16","slug":"organisation-des-jeux-olympiques-de-la-jeunesse-le-cojoj-et-la-mairie-de-dakar-sur-un-meme-terrain","status":"publish","type":"post","link":"https:\/\/dekkbi.com\/?p=69571","title":{"rendered":"Organisation des Jeux Olympiques de la Jeunesse : Le Cojoj et la mairie de Dakar sur un m\u00eame terrain"},"content":{"rendered":"\n<p><strong>Maire de la Ville de Dakar, h\u00f4te des prochains Jeux Olympiques de la Jeunesse 2026, Abass Fall rassure que Dakar sera pr\u00eate pour accueillir la famille olympique. La Ville a sign\u00e9 hier un partenariat avec le Cojoj afin de faire des Joj 2026, une fiert\u00e9 pour les Dakarois.<\/strong><\/p>\n\n\n\n<p><strong>Par Woury DIALLO \u2013\u00a0<\/strong>Le maire de la Ville de Dakar a indiqu\u00e9 hier, lors de la signature d\u2019un partenariat avec le Comit\u00e9 d\u2019organisation des prochains Jeux Olympiques de la Jeunesse (Cojoj), que la capitale sera pr\u00eate \u00e0 accueillir la famille olympique.<\/p>\n\n\n\n<p>\u00abMonsieur le pr\u00e9sident du Cojoj, vous pouvez, \u00e0 ce stade, rassurer les partenaires des Jeux tels que le Comit\u00e9 international olympique (Cio), la Communaut\u00e9 internationale, le continent africain. La Ville de Dakar sera pr\u00eate\u00bb, a promis Abass Fall au pr\u00e9sident du Cojoj, Mamadou Diagna Ndiaye. A l\u2019endroit des membres du Cojoj, l\u2019\u00e9dile a rappel\u00e9 que \u00able Conseil municipal de la Ville de Dakar est conscient (c\u2019est ce qui explique sans doute la forte mobilisation des \u00e9lus et de l\u2019administration municipale ce matin) et vous rassure sur sa parfaite implication\u00bb.<\/p>\n\n\n\n<p>A titre illustratif, ajoute-t-il, \u00abla Ville de Dakar a d\u00e9marr\u00e9 les travaux de voirie, notamment \u00e0 la M\u00e9dina et \u00e0 Fass, ainsi que les travaux d\u2019am\u00e9nagement du Boulevard de la Gueule Tap\u00e9e et des All\u00e9es Khalifa Ababacar Sy\u00bb.<\/p>\n\n\n\n<p>Il en est de m\u00eame pour l\u2019\u00e9clairage public, les feux tricolores, le Branding des axes routiers et certains \u00e9difices et places.<\/p>\n\n\n\n<p><strong>Hommage \u00e0 Souham El Wardini, Ngon\u00e9 Mbengue, Barth\u00e9lemy Dias<\/strong><\/p>\n\n\n\n<p>Le maire a ainsi adress\u00e9 des f\u00e9licitations \u00e0 ses pr\u00e9d\u00e9cesseurs, Mesdames les maires Souham El Wardini et Ngon\u00e9 Mbengue ainsi que le maire Barth\u00e9lemy Diaz \u00abpour le travail pr\u00e9c\u00e9demment accompli\u00bb.<\/p>\n\n\n\n<p>Pour l\u2019\u00e9dile de la Ville de Dakar, \u00ables Joj doivent \u00eatre un catalyseur du d\u00e9veloppement local, un acc\u00e9l\u00e9rateur d\u2019inclusion et un levier de transformation positive\u00bb.<br>A l\u2019endroit des Dakaroises et Dakarois, le maire lance un appel \u00e0 la mobilisation g\u00e9n\u00e9rale pour faire de Dakar 2026 \u00abune r\u00e9ussite \u00e9clatante, une vitrine de notre savoir-faire et surtout une source de fiert\u00e9 pour Dakar\u00bb.<\/p>\n\n\n\n<p><strong>\u00abDes Jeux \u00e0 la hauteur de nos valeurs d\u2019hospitalit\u00e9\u2026\u00bb<\/strong><\/p>\n\n\n\n<p>Le pr\u00e9sident du Cojoj de rappeler la responsabilit\u00e9 \u00abexceptionnelle\u00bb que \u00able S\u00e9n\u00e9gal, en particulier la Ville de Dakar, porte : celle d\u2019offrir au monde des Jeux exemplaires, \u00e0 la hauteur de nos valeurs d\u2019hospitalit\u00e9, de solidarit\u00e9 et d\u2019excellence\u00bb.<\/p>\n\n\n\n<p>Avant de pr\u00e9ciser\u00a0: \u00abLa Ville de Dakar, parce qu\u2019elle est signataire du Contrat et membre fondateur du Cojoj Dakar 2026, occupe une place centrale dans cette aventure. Principale ville h\u00f4te des Jeux, elle se caract\u00e9rise par son dynamisme, l\u2019ouverture et la vitalit\u00e9 culturelle. D\u00e8s lors, l\u2019engagement de la municipalit\u00e9, de ses \u00e9lus et des diff\u00e9rentes composantes constitue un atout majeur dans la r\u00e9ussite de ce projet.\u00bb<\/p>\n\n\n\n<p>La convention sign\u00e9e entre le Cojoj et la mairie de Dakar \u00aborganise la contribution de la Ville de Dakar \u00e0 la pr\u00e9paration et \u00e0 la c\u00e9l\u00e9bration des Jeux.<br>Concr\u00e8tement, cela fixe les contours pour une ville qui se pr\u00e9pare, une ville qui s\u2019embellit, pour accueillir le monde\u00bb. Des espaces publics valoris\u00e9s, des corridors urbains am\u00e9lior\u00e9s, une signal\u00e9tique visible et coh\u00e9rente, des lieux de c\u00e9l\u00e9bration o\u00f9 les habitants et visiteurs pourront se retrouver, partager, vibrer, voil\u00e0 ce que vous vous appr\u00eatez \u00e0 offrir\u00bb, a list\u00e9 Diagna Ndiaye. Car, selon lui, \u00ables Jeux ne se vivront pas seulement dans les sites de comp\u00e9titions. Ils se vivront dans les rues de Dakar, dans ses places publiques, dans ses quartiers, dans chacune des 19 communes, et au-del\u00e0\u00bb.<\/p>\n\n\n\n<p>Au-del\u00e0 de l\u2019\u00e9v\u00e9nement sportif, l\u2019ambition \u00e9tant de faire de ces Jeux \u00abun catalyseur de d\u00e9veloppement, d\u2019inclusion et d\u2019inspiration pour toute une g\u00e9n\u00e9ration\u00bb.<br>Les Joj sont pr\u00e9vus du 31 octobre au 13 novembre 2026 \u00e0 Dakar, Saly et Diamniadio.<\/p>\n\n\n\n<p><strong>wdiallo@lequotidien.sn<\/strong><\/p>\n\n\n\n<p><a href=\"https:\/\/www.facebook.com\/sharer.php?u=https:\/\/lequotidien.sn\/organisation-des-jeux-olympiques-de-la-jeunesse-le-cojoj-et-la-mairie-de-dakar-sur-un-meme-terrain\/\"><\/a><\/p>\n","protected":false},"excerpt":{"rendered":"<p>Maire de la Ville de Dakar, h\u00f4te des prochains Jeux Olympiques de la Jeunesse 2026, Abass Fall rassure que Dakar<\/p>\n","protected":false},"author":1,"featured_media":69572,"comment_status":"open","ping_status":"open","sticky":false,"template":"","format":"standard","meta":{"footnotes":""},"categories":[9],"tags":[],"class_list":["post-69571","post","type-post","status-publish","format-standard","has-post-thumbnail","hentry","category-sports"],"_links":{"self":[{"href":"https:\/\/dekkbi.com\/index.php?rest_route=\/wp\/v2\/posts\/69571","targetHints":{"allow":["GET"]}}],"collection":[{"href":"https:\/\/dekkbi.com\/index.php?rest_route=\/wp\/v2\/posts"}],"about":[{"href":"https:\/\/dekkbi.com\/index.php?rest_route=\/wp\/v2\/types\/post"}],"author":[{"embeddable":true,"href":"https:\/\/dekkbi.com\/index.php?rest_route=\/wp\/v2\/users\/1"}],"replies":[{"embeddable":true,"href":"https:\/\/dekkbi.com\/index.php?rest_route=%2Fwp%2Fv2%2Fcomments&post=69571"}],"version-history":[{"count":1,"href":"https:\/\/dekkbi.com\/index.php?rest_route=\/wp\/v2\/posts\/69571\/revisions"}],"predecessor-version":[{"id":69573,"href":"https:\/\/dekkbi.com\/index.php?rest_route=\/wp\/v2\/posts\/69571\/revisions\/69573"}],"wp:featuredmedia":[{"embeddable":true,"href":"https:\/\/dekkbi.com\/index.php?rest_route=\/wp\/v2\/media\/69572"}],"wp:attachment":[{"href":"https:\/\/dekkbi.com\/index.php?rest_route=%2Fwp%2Fv2%2Fmedia&parent=69571"}],"wp:term":[{"taxonomy":"category","embeddable":true,"href":"https:\/\/dekkbi.com\/index.php?rest_route=%2Fwp%2Fv2%2Fcategories&post=69571"},{"taxonomy":"post_tag","embeddable":true,"href":"https:\/\/dekkbi.com\/index.php?rest_route=%2Fwp%2Fv2%2Ftags&post=69571"}],"curies":[{"name":"wp","href":"https:\/\/api.w.org\/{rel}","templated":true}]}}