{"id":69564,"date":"2026-03-17T10:57:12","date_gmt":"2026-03-17T10:57:12","guid":{"rendered":"https:\/\/dekkbi.com\/?p=69564"},"modified":"2026-03-17T10:57:13","modified_gmt":"2026-03-17T10:57:13","slug":"expropriation-des-habitants-sonko-ne-renonce-pas-a-la-cite-faycal","status":"publish","type":"post","link":"https:\/\/dekkbi.com\/?p=69564","title":{"rendered":"Expropriation des habitants : Sonko ne renonce pas \u00e0 la Cit\u00e9 Fay\u00e7al"},"content":{"rendered":"\n<p><strong>Les d\u00e9clarations du Premier ministre sur sa volont\u00e9 de reprendre le bien de l\u2019Etat, \u00abavec ou sans la loi\u00bb, ont raviv\u00e9 les inqui\u00e9tudes des r\u00e9sidents de la Cit\u00e9 Fay\u00e7al, qui mobilisent d\u00e9j\u00e0 leurs avocats.<\/strong><\/p>\n\n\n\n<p>Les habitants de la Cit\u00e9 Fay\u00e7al ont d\u00e9cid\u00e9 de r\u00e9agir aux d\u00e9clarations du Premier ministre et du directeur de la Soci\u00e9t\u00e9 de gestion du patrimoine b\u00e2ti de l\u2019Etat. Les affirmations du chef du gouvernement selon lesquelles il allait reprendre le patrimoine b\u00e2ti de l\u2019Etat, \u00abavec ou sans une d\u00e9cision de justice\u00bb, ont \u00e9t\u00e9 consid\u00e9r\u00e9es comme des plus inqui\u00e9tantes. Au point que certains des r\u00e9sidents ont consid\u00e9r\u00e9 que la d\u00e9marche de M. Sonko \u00e9tait motiv\u00e9e par des raisons politiciennes, en consid\u00e9rant que parmi des r\u00e9sidents on pouvait compter des personnalit\u00e9s politiques de l\u2019opposition, en plus de ministres ou de hauts fonctionnaires et des magistrats.<\/p>\n\n\n\n<p>Toutefois, ces r\u00e9sidents ont d\u00e9cid\u00e9 de ne pas se laisser faire. Ils rappellent que c\u2019est l\u2019ancien Pr\u00e9sident Wade qui avait conc\u00e9d\u00e9 ces immeubles \u00e0 des fonctionnaires dont certains, proches de la retraite, n\u2019avaient pas pr\u00e9vu de plan de repli domiciliaire. Macky Sall avait \u00e0 un moment, tent\u00e9 de revenir sur la volont\u00e9 de Wade, mais il avait d\u00fb se plier \u00e0 la d\u00e9cision de la Cour supr\u00eame qui avait estim\u00e9 l\u00e9gale l\u2019occupation de cette cit\u00e9. L\u2019Etat n\u2019ayant ni la volont\u00e9 ni le loisir de faire la maintenance de ces immeubles, avait trouv\u00e9 le moyen d\u2019accorder un bail aux r\u00e9sidents. Ces baux, selon certains d\u2019entre eux, iraient de 50 \u00e0 99 ans.<\/p>\n\n\n\n<p>Moyennant un montant forfaitaire et tr\u00e8s minime par rapport \u00e0 la valeur des habitations, les occupants avaient le loisir de ne pas vivre dans la hantise d\u2019une quelconque expulsion forc\u00e9e. Ils ont donc permis l\u2019embellissement de la cit\u00e9 et en ont encore plus accru la valeur. C\u2019est cet accord, pass\u00e9 sous la direction du Pr\u00e9sident Macky Sall, que Ousmane Sonko voudrait remettre en cause. On ne sait pour quelle urgence.<\/p>\n\n\n\n<p>Les concern\u00e9s, de leur c\u00f4t\u00e9, n\u2019ont pas l\u2019intention de se laisser faire. Ils ont d\u00e9j\u00e0 saisi leurs avocats, qui ont pris connaissance du dossier. Et ils voudraient bien voir comment le Premier ministre pourrait marcher sur des textes de loi pour tenter de r\u00e9gler des comptes personnels.<\/p>\n\n\n\n<p>Une autre anomalie dans le traitement de cette question d\u2019expropriation est, selon les r\u00e9sidents de la Cit\u00e9 Fay\u00e7al, que \u00able Premier ministre s\u2019est appropri\u00e9 des pr\u00e9rogatives du pr\u00e9sident de la R\u00e9publique pour des raisons personnelles\u00bb. Ils font valoir que la Soci\u00e9t\u00e9 de gestion du patrimoine b\u00e2ti de l\u2019Etat est rattach\u00e9e \u00e0 la pr\u00e9sidence de la R\u00e9publique, et donc, ne devrait recevoir des instructions que du chef de l\u2019Etat, et non de la Primature, comme on l\u2019a vu lors du point de presse du Premier ministre sur la ren\u00e9gociation des contrats.<\/p>\n\n\n\n<p><strong>mgueye@lequotidien.sn<\/strong><\/p>\n\n\n\n<p><\/p>\n","protected":false},"excerpt":{"rendered":"<p>Les d\u00e9clarations du Premier ministre sur sa volont\u00e9 de reprendre le bien de l\u2019Etat, \u00abavec ou sans la loi\u00bb, ont<\/p>\n","protected":false},"author":1,"featured_media":61200,"comment_status":"open","ping_status":"open","sticky":false,"template":"","format":"standard","meta":{"footnotes":""},"categories":[3],"tags":[],"class_list":["post-69564","post","type-post","status-publish","format-standard","has-post-thumbnail","hentry","category-event-more-news"],"_links":{"self":[{"href":"https:\/\/dekkbi.com\/index.php?rest_route=\/wp\/v2\/posts\/69564","targetHints":{"allow":["GET"]}}],"collection":[{"href":"https:\/\/dekkbi.com\/index.php?rest_route=\/wp\/v2\/posts"}],"about":[{"href":"https:\/\/dekkbi.com\/index.php?rest_route=\/wp\/v2\/types\/post"}],"author":[{"embeddable":true,"href":"https:\/\/dekkbi.com\/index.php?rest_route=\/wp\/v2\/users\/1"}],"replies":[{"embeddable":true,"href":"https:\/\/dekkbi.com\/index.php?rest_route=%2Fwp%2Fv2%2Fcomments&post=69564"}],"version-history":[{"count":1,"href":"https:\/\/dekkbi.com\/index.php?rest_route=\/wp\/v2\/posts\/69564\/revisions"}],"predecessor-version":[{"id":69565,"href":"https:\/\/dekkbi.com\/index.php?rest_route=\/wp\/v2\/posts\/69564\/revisions\/69565"}],"wp:featuredmedia":[{"embeddable":true,"href":"https:\/\/dekkbi.com\/index.php?rest_route=\/wp\/v2\/media\/61200"}],"wp:attachment":[{"href":"https:\/\/dekkbi.com\/index.php?rest_route=%2Fwp%2Fv2%2Fmedia&parent=69564"}],"wp:term":[{"taxonomy":"category","embeddable":true,"href":"https:\/\/dekkbi.com\/index.php?rest_route=%2Fwp%2Fv2%2Fcategories&post=69564"},{"taxonomy":"post_tag","embeddable":true,"href":"https:\/\/dekkbi.com\/index.php?rest_route=%2Fwp%2Fv2%2Ftags&post=69564"}],"curies":[{"name":"wp","href":"https:\/\/api.w.org\/{rel}","templated":true}]}}