{"id":69558,"date":"2026-03-17T10:45:10","date_gmt":"2026-03-17T10:45:10","guid":{"rendered":"https:\/\/dekkbi.com\/?p=69558"},"modified":"2026-03-17T10:45:11","modified_gmt":"2026-03-17T10:45:11","slug":"crise-dans-leducation-le-foncier-pour-apaiser-le-ministre-de-lurbanisme-sort-la-carte-du-logement","status":"publish","type":"post","link":"https:\/\/dekkbi.com\/?p=69558","title":{"rendered":"Crise dans l\u2019\u00e9ducation- le foncier pour apaiser : le ministre de l\u2019Urbanisme sort la carte du logement"},"content":{"rendered":"\n<p><strong>\u00c0 trois mois de la fin de l\u2019ann\u00e9e scolaire, la crise qui secoue le secteur de l\u2019\u00e9ducation pousse le gouvernement \u00e0 multiplier les initiatives pour calmer la grogne des enseignants. Apr\u00e8s les discussions engag\u00e9es avec les minist\u00e8res de l\u2019\u00c9ducation et de la Fonction publique, le ministre de l\u2019Urbanisme, Moussa Bala Fofana, a ouvert un nouveau front de dialogue avec les syndicats autour de l\u2019acc\u00e8s au foncier et au logement.<\/strong><\/p>\n\n\n\n<p>Le gouvernement d\u00e9ploie toutes ses cartes pour d\u00e9samorcer la crise sociale qui paralyse, depuis le d\u00e9but de l\u2019ann\u00e9e, le secteur de l\u2019\u00e9ducation nationale. En effet, parall\u00e8lement aux rencontres r\u00e9guli\u00e8res entre les minist\u00e8res de l\u2019\u00c9ducation nationale et de la Fonction publique et les syndicats d\u2019enseignants, en vue de trouver une solution durable \u00e0 cette crise qui fait peser une lourde menace sur l\u2019ann\u00e9e scolaire, \u00e0 trois mois de la fermeture des classes, le ministre de l\u2019Urbanisme, des Collectivit\u00e9s territoriales et de l\u2019Am\u00e9nagement des territoires, Moussa Bala Fofana, est \u00e9galement entr\u00e9 dans la danse. Hier, lundi 16 mars, il a ainsi tenu une rencontre de partage et d\u2019\u00e9changes avec les syndicats d\u2019enseignants. Dans un message publi\u00e9 sur ses plateformes num\u00e9riques \u00e0 l\u2019issue de cette s\u00e9ance de travail avec les repr\u00e9sentants des organisations syndicales, le ministre a pr\u00e9cis\u00e9 que sa d\u00e9marche s\u2019inscrit dans le cadre des orientations du pr\u00e9sident de la R\u00e9publique, Bassirou Diomaye Diakhar Faye, et du Premier ministre, Ousmane Sonko.<\/p>\n\n\n\n<p>Revenant sur les points abord\u00e9s lors de ce face-\u00e0-face, le ministre de l\u2019Urbanisme, des Collectivit\u00e9s territoriales et de l\u2019Am\u00e9nagement des territoires a expliqu\u00e9 que les discussions ont essentiellement port\u00e9 sur les principaux axes de collaboration entre l\u2019\u00c9tat du S\u00e9n\u00e9gal et les organisations syndicales d\u2019enseignants en mati\u00e8re d\u2019acc\u00e8s au foncier et au logement. \u00ab Nos \u00e9changes ont principalement port\u00e9 sur les b\u00e9n\u00e9ficiaires de parcelles viabilis\u00e9es, en abordant les d\u00e9fis, les blocages ainsi que les opportunit\u00e9s, mais aussi sur les b\u00e9n\u00e9ficiaires de parcelles non viabilis\u00e9es \u00bb, a-t-il pr\u00e9cis\u00e9.<\/p>\n\n\n\n<p>Poursuivant, Moussa Bala Fofana a indiqu\u00e9 que les syndicats ont \u00e9galement exprim\u00e9, au cours de cette rencontre, plusieurs attentes, parmi lesquelles un accompagnement accru de l\u2019\u00c9tat, le renforcement de la communication et des actions de sensibilisation aupr\u00e8s des coop\u00e9ratives, ainsi que la facilitation de l\u2019acc\u00e8s \u00e0 des parcelles ou \u00e0 des logements d\u00e9cents pour les enseignants. \u00ab Nous avons rappel\u00e9 la vision des plus hautes autorit\u00e9s du S\u00e9n\u00e9gal visant \u00e0 renforcer l\u2019accompagnement des enseignants, notamment \u00e0 travers l\u2019am\u00e9lioration de l\u2019acc\u00e8s au logement, la facilitation de l\u2019acc\u00e8s aux pr\u00eats DMC, la prise en compte de l\u2019ing\u00e9nierie sociale dans les programmes d\u2019habitat, ainsi que le d\u00e9veloppement de m\u00e9canismes favorisant l\u2019acc\u00e8s \u00e0 la location-vente \u00bb, a-t-il ajout\u00e9. Pour rappel, les&nbsp;<strong>pr\u00eats DMC<\/strong>&nbsp;sont des cr\u00e9dits immobiliers li\u00e9s \u00e0 la Dakar Mortgage Company<strong>&nbsp;(DMC)<\/strong><strong>,<\/strong>&nbsp;une institution financi\u00e8re cr\u00e9\u00e9e pour&nbsp;<strong>faciliter l\u2019acc\u00e8s au logement au S\u00e9n\u00e9gal<\/strong><strong>.<\/strong><\/p>\n\n\n\n<p>Le ministre a enfin r\u00e9affirm\u00e9 l\u2019engagement du gouvernement \u00e0 poursuivre le dialogue avec les organisations syndicales afin d\u2019identifier des solutions durables pour am\u00e9liorer les conditions de logement des enseignants.<\/p>\n\n\n\n<p><strong>Nando Cabral GOMIS<\/strong><br>SOURCE SUDQUOTIDIEN<\/p>\n","protected":false},"excerpt":{"rendered":"<p>\u00c0 trois mois de la fin de l\u2019ann\u00e9e scolaire, la crise qui secoue le secteur de l\u2019\u00e9ducation pousse le gouvernement<\/p>\n","protected":false},"author":1,"featured_media":65878,"comment_status":"open","ping_status":"open","sticky":false,"template":"","format":"standard","meta":{"footnotes":""},"categories":[21],"tags":[],"class_list":["post-69558","post","type-post","status-publish","format-standard","has-post-thumbnail","hentry","category-societe"],"_links":{"self":[{"href":"https:\/\/dekkbi.com\/index.php?rest_route=\/wp\/v2\/posts\/69558","targetHints":{"allow":["GET"]}}],"collection":[{"href":"https:\/\/dekkbi.com\/index.php?rest_route=\/wp\/v2\/posts"}],"about":[{"href":"https:\/\/dekkbi.com\/index.php?rest_route=\/wp\/v2\/types\/post"}],"author":[{"embeddable":true,"href":"https:\/\/dekkbi.com\/index.php?rest_route=\/wp\/v2\/users\/1"}],"replies":[{"embeddable":true,"href":"https:\/\/dekkbi.com\/index.php?rest_route=%2Fwp%2Fv2%2Fcomments&post=69558"}],"version-history":[{"count":1,"href":"https:\/\/dekkbi.com\/index.php?rest_route=\/wp\/v2\/posts\/69558\/revisions"}],"predecessor-version":[{"id":69559,"href":"https:\/\/dekkbi.com\/index.php?rest_route=\/wp\/v2\/posts\/69558\/revisions\/69559"}],"wp:featuredmedia":[{"embeddable":true,"href":"https:\/\/dekkbi.com\/index.php?rest_route=\/wp\/v2\/media\/65878"}],"wp:attachment":[{"href":"https:\/\/dekkbi.com\/index.php?rest_route=%2Fwp%2Fv2%2Fmedia&parent=69558"}],"wp:term":[{"taxonomy":"category","embeddable":true,"href":"https:\/\/dekkbi.com\/index.php?rest_route=%2Fwp%2Fv2%2Fcategories&post=69558"},{"taxonomy":"post_tag","embeddable":true,"href":"https:\/\/dekkbi.com\/index.php?rest_route=%2Fwp%2Fv2%2Ftags&post=69558"}],"curies":[{"name":"wp","href":"https:\/\/api.w.org\/{rel}","templated":true}]}}