{"id":69546,"date":"2026-03-17T10:21:18","date_gmt":"2026-03-17T10:21:18","guid":{"rendered":"https:\/\/dekkbi.com\/?p=69546"},"modified":"2026-03-17T10:21:18","modified_gmt":"2026-03-17T10:21:18","slug":"le-new-deal-technologique-a-pose-les-bases-dune-infrastructure-numerique-robuste-et-souveraine-apres-un-an-dexistence-selon-alioune-sall","status":"publish","type":"post","link":"https:\/\/dekkbi.com\/?p=69546","title":{"rendered":"Le New Deal technologique a pos\u00e9 \u2018\u2019les bases d\u2019une infrastructure num\u00e9rique robuste et souveraine\u2019\u2019 apr\u00e8s un an d\u2019existence, selon Alioune Sall"},"content":{"rendered":"\n<p>Dakar, (APS) \u2013 Le S\u00e9n\u00e9gal va c\u00e9l\u00e9brer, le 24 mars prochain, le premier anniversaire du lancement du New Deal technologique, une initiative gouvernementale visant \u00e0 acc\u00e9l\u00e9rer la transformation num\u00e9rique du pays par les infrastructures et les plateformes digitales, a appris l\u2019APS du minist\u00e8re de la Communication, des T\u00e9l\u00e9communications et du Num\u00e9rique.<\/p>\n\n\n\n<p>Selon un document re\u00e7u dudit d\u00e9partement minist\u00e9riel, ce programme lanc\u00e9 avec l\u2019ambition de faire du S\u00e9n\u00e9gal \u2018\u2019une soci\u00e9t\u00e9 num\u00e9rique et une \u00e9conomie de services \u00e0 forte valeur ajout\u00e9e\u2019\u2019 repose essentiellement sur trois axes majeurs : la digitalisation des services publics, le d\u00e9veloppement de l\u2019\u00e9conomie num\u00e9rique et le positionnement du pays comme un leader africain du num\u00e9rique.<\/p>\n\n\n\n<p>L\u2019un de ses objectifs et de moderniser l\u2019administration et d\u2019am\u00e9liorer les services offerts aux citoyens.<\/p>\n\n\n\n<p>Selon le minist\u00e8re, une ann\u00e9e apr\u00e8s son lancement, le New Deal technologique a permis de renforcer \u2018\u2019les fondations d\u2019une infrastructure publique num\u00e9rique robuste et souveraine, consid\u00e9r\u00e9e comme un levier majeur de modernisation de l\u2019\u00c9tat et de transformation de l\u2019action publique\u2019\u2019.<\/p>\n\n\n\n<p>Dans cette perspective, indique le d\u00e9partement de la Communication, des T\u00e9l\u00e9communications et du Num\u00e9rique -t-on, \u2018\u2019la bande passante Internet des administrations publiques est pass\u00e9e de 600 m\u00e9gabits \u00e0 20 gigabits, soit une multiplication par plus de trente, afin de permettre aux services de l\u2019\u00c9tat de fonctionner avec des capacit\u00e9s num\u00e9riques nettement renforc\u00e9es\u2019\u2019.<\/p>\n\n\n\n<p>Le minist\u00e8re annonce \u00e9galement que 51 nouveaux b\u00e2timents gouvernementaux ont \u00e9t\u00e9 interconnect\u00e9s depuis 2024.<\/p>\n\n\n\n<p><strong>Les finances publiques et la protection sociale cibl\u00e9es en priorit\u00e9<\/strong><\/p>\n\n\n\n<p>Les infrastructures techniques de la soci\u00e9t\u00e9 nationale S\u00e9n\u00e9gal Num\u00e9rique SA ont \u00e9galement fait l\u2019objet d\u2019audits et de renforcements en vue d\u2019un bon h\u00e9bergement des applications critiques de l\u2019administration, a assur\u00e9 le d\u00e9partement de la Communication, des T\u00e9l\u00e9communications et du Num\u00e9rique, lors d\u2019une r\u00e9union pr\u00e9paratoire de la c\u00e9l\u00e9bration du premier anniversaire du New Deal technologique.<\/p>\n\n\n\n<p>La c\u00e9l\u00e9bration de cet anniversaire aura lieu le 24 mars \u00e0 l\u2019universit\u00e9 Cheikh-Anta-Diop de Dakar en pr\u00e9sence de plusieurs acteurs de l\u2019\u00e9cosyst\u00e8me num\u00e9rique.<\/p>\n\n\n\n<p>Dans le but de mettre fin au fonctionnement en silos des administrations, le gouvernement a d\u00e9ploy\u00e9 e-Jokko, une \u2018\u2019plateforme nationale d\u2019interop\u00e9rabilit\u00e9 permettant le partage s\u00e9curis\u00e9 et en temps r\u00e9el des donn\u00e9es, entre les minist\u00e8res et les [autres] institutions\u2019\u2019.<\/p>\n\n\n\n<p>Ce syst\u00e8me repose sur le principe dit Once Only, selon lequel un citoyen ne fournit une information administrative qu\u2019une seule fois. L\u2019information est ensuite partag\u00e9e par les services concern\u00e9s.<\/p>\n\n\n\n<p>Le minist\u00e8re informe annonce, par ailleurs, que les premiers usages en mati\u00e8re de digitalisation concernent notamment les finances publiques, avec l\u2019interconnexion entre la direction g\u00e9n\u00e9rale des imp\u00f4ts et des domaines et la direction g\u00e9n\u00e9rale des douanes.<\/p>\n\n\n\n<p>Il en est de m\u00eame du secteur de la protection sociale, gr\u00e2ce au partage de donn\u00e9es entre la d\u00e9l\u00e9gation g\u00e9n\u00e9rale \u00e0 la protection sociale et \u00e0 la solidarit\u00e9 nationale, le secr\u00e9tariat ex\u00e9cutif du Conseil national de la s\u00e9curit\u00e9 sanitaire universelle et l\u2019Agence de la couverture maladie universelle, selon la m\u00eame source.<\/p>\n\n\n\n<p>Elle ajoute que la transformation num\u00e9rique concerne \u00e9galement les transactions financi\u00e8res publiques.<\/p>\n\n\n\n<p>Le document fait allusion \u00e0 la mise en place de la plateforme e-paiement du Tr\u00e9sor, qui a \u00e9t\u00e9 consolid\u00e9e pour permettre aux usagers de payer, \u00e0 l\u2019aide de leur t\u00e9l\u00e9phone, leurs imp\u00f4ts, les amendes ou les frais administratifs dans un syst\u00e8me unifi\u00e9 et s\u00e9curis\u00e9.<\/p>\n\n\n\n<p><strong>Un guichet unique pour les d\u00e9marches administratives<\/strong><\/p>\n\n\n\n<p>Dans l\u2019administration, la gestion digitalis\u00e9e du courrier gouvernemental est d\u00e9sormais op\u00e9rationnelle, souligne le minist\u00e8re.<\/p>\n\n\n\n<p>D\u00e9ploy\u00e9e dans 25 minist\u00e8res, la plateforme facilite le suivi et l\u2019archivage en temps r\u00e9el des correspondances administratives. Elle contribue ainsi \u00e0 l\u2019am\u00e9lioration de la tra\u00e7abilit\u00e9 et \u00e0 l\u2019efficacit\u00e9 du travail des agents publics, selon le document.<\/p>\n\n\n\n<p>Le gouvernement a \u00e9galement mis en service e-S\u00e9n\u00e9gal, un guichet unique num\u00e9rique permettant aux citoyens et aux entreprises d\u2019acc\u00e9der \u00e0 plusieurs d\u00e9marches administratives&nbsp;: la demande de casier judiciaire ou de certificat de nationalit\u00e9, ou encore la prise de rendez-vous administratifs.<\/p>\n\n\n\n<p>Pour les S\u00e9n\u00e9galais de l\u2019\u00e9tranger, la plateforme e-Consulat offre d\u00e9sormais la possibilit\u00e9 d\u2019effectuer \u00e0 distance des d\u00e9marches comme les demandes de passeport, de carte consulaire ou d\u2019actes d\u2019\u00e9tat civil, avec des paiements en ligne s\u00e9curis\u00e9s, selon le minist\u00e8re de la Communication, des T\u00e9l\u00e9communications et du Num\u00e9rique.<\/p>\n\n\n\n<p>Dans le domaine de la mobilit\u00e9 internationale, le syst\u00e8me e-Visa permet aux ressortissants \u00e9trangers de demander, de payer et de recevoir leur visa enti\u00e8rement en ligne, une proc\u00e9dure d\u00e9mat\u00e9rialis\u00e9e et accessible depuis n\u2019importe quel pays, a expliqu\u00e9 le d\u00e9partement minist\u00e9riel lors de la r\u00e9union pr\u00e9sid\u00e9e par le directeur de la communication, Habibou Dia.<\/p>\n\n\n\n<p>\u00c0 l\u2019approche des Jeux olympiques de la jeunesse de 2026, les autorit\u00e9s estiment que ces avanc\u00e9es vont contribuer \u00e0 \u2018\u2019positionner le S\u00e9n\u00e9gal comme une destination ouverte, moderne et connect\u00e9e, tout en renfor\u00e7ant l\u2019ambition de faire du pays un hub num\u00e9rique en Afrique\u2019\u2019.<\/p>\n\n\n\n<p>SMD\/MTN\/ESF<\/p>\n","protected":false},"excerpt":{"rendered":"<p>Dakar, (APS) \u2013 Le S\u00e9n\u00e9gal va c\u00e9l\u00e9brer, le 24 mars prochain, le premier anniversaire du lancement du New Deal technologique,<\/p>\n","protected":false},"author":1,"featured_media":52436,"comment_status":"open","ping_status":"open","sticky":false,"template":"","format":"standard","meta":{"footnotes":""},"categories":[3],"tags":[],"class_list":["post-69546","post","type-post","status-publish","format-standard","has-post-thumbnail","hentry","category-event-more-news"],"_links":{"self":[{"href":"https:\/\/dekkbi.com\/index.php?rest_route=\/wp\/v2\/posts\/69546","targetHints":{"allow":["GET"]}}],"collection":[{"href":"https:\/\/dekkbi.com\/index.php?rest_route=\/wp\/v2\/posts"}],"about":[{"href":"https:\/\/dekkbi.com\/index.php?rest_route=\/wp\/v2\/types\/post"}],"author":[{"embeddable":true,"href":"https:\/\/dekkbi.com\/index.php?rest_route=\/wp\/v2\/users\/1"}],"replies":[{"embeddable":true,"href":"https:\/\/dekkbi.com\/index.php?rest_route=%2Fwp%2Fv2%2Fcomments&post=69546"}],"version-history":[{"count":1,"href":"https:\/\/dekkbi.com\/index.php?rest_route=\/wp\/v2\/posts\/69546\/revisions"}],"predecessor-version":[{"id":69547,"href":"https:\/\/dekkbi.com\/index.php?rest_route=\/wp\/v2\/posts\/69546\/revisions\/69547"}],"wp:featuredmedia":[{"embeddable":true,"href":"https:\/\/dekkbi.com\/index.php?rest_route=\/wp\/v2\/media\/52436"}],"wp:attachment":[{"href":"https:\/\/dekkbi.com\/index.php?rest_route=%2Fwp%2Fv2%2Fmedia&parent=69546"}],"wp:term":[{"taxonomy":"category","embeddable":true,"href":"https:\/\/dekkbi.com\/index.php?rest_route=%2Fwp%2Fv2%2Fcategories&post=69546"},{"taxonomy":"post_tag","embeddable":true,"href":"https:\/\/dekkbi.com\/index.php?rest_route=%2Fwp%2Fv2%2Ftags&post=69546"}],"curies":[{"name":"wp","href":"https:\/\/api.w.org\/{rel}","templated":true}]}}