{"id":69543,"date":"2026-03-17T10:20:13","date_gmt":"2026-03-17T10:20:13","guid":{"rendered":"https:\/\/dekkbi.com\/?p=69543"},"modified":"2026-03-17T10:20:13","modified_gmt":"2026-03-17T10:20:13","slug":"conflit-au-moyen-orient-le-groupe-damitie-senegalo-iranien-appelle-a-la-desescalade","status":"publish","type":"post","link":"https:\/\/dekkbi.com\/?p=69543","title":{"rendered":"CONFLIT AU MOYEN-ORIENT &#8211; Le Groupe d\u2019amiti\u00e9 s\u00e9n\u00e9galo-iranien appelle \u00e0 la d\u00e9sescalade"},"content":{"rendered":"\n<p><strong>Le Groupe d\u2019amiti\u00e9 s\u00e9n\u00e9galo-iranien (Gasi) qui regroupe des citoyens s\u00e9n\u00e9galais et iraniens issus de divers horizons : universitaires, \u00e9tudiants, anciens ambassadeurs, hommes d\u2019affaires condamne fermement l\u2019agression \u00ab\u2009barbare\u2009\u00bb isra\u00e9lo-am\u00e9ricaine contre l\u2019Iran. Dans un communiqu\u00e9 re\u00e7u hier, ces derniers exhortent la communaut\u00e9 internationale \u00e0 encourager le dialogue et \u00e0 soutenir toutes les initiatives diplomatiques susceptibles de conduire \u00e0 une paix durable dans la r\u00e9gion.&nbsp;<\/strong><\/p>\n\n\n\n<p>La situation de guerre au Moyen-Orient marqu\u00e9e par l\u2019agression isra\u00e9lo-am\u00e9ricaine contre l\u2019Iran constitue une source de pr\u00e9occupations pour le Groupe d\u2019amiti\u00e9 s\u00e9n\u00e9galo-iranien (Gasi).<\/p>\n\n\n\n<p>En effet, dans une note parvenue \u00e0 notre r\u00e9daction, le lundi 16 mars 2026, l\u2019association qui regroupe des citoyens s\u00e9n\u00e9galais et iraniens issus de divers horizons : universitaires, \u00e9tudiants, anciens ambassadeurs, hommes d\u2019affaires \u00ab\u2009condamne fermement ces actes barbares, criminels dont sont victimes des populations civiles (femmes, enfants, vieillards) perp\u00e9tr\u00e9s par les \u00c9tats-Unis et Isra\u00ebl\u2009\u00bb.<\/p>\n\n\n\n<p>Poursuivant, le Pr Mamadou Mactar Gaye, pr\u00e9sident du Gasi, et ses camarades indiquent que cette situation d\u2019escalade dans la r\u00e9gion menace la stabilit\u00e9 et la s\u00e9curit\u00e9 internationales. \u00ab\u2009Nous demandons \u00e0 la Cour p\u00e9nale internationale d\u2019arr\u00eater et de condamner le pr\u00e9sident isra\u00e9lien et le pr\u00e9sident am\u00e9ricain tout en leur imposant de payer tous les pr\u00e9judices et dommages caus\u00e9s au peuple iranien. Ce dernier sera toujours debout et encore plus tenace et nous r\u00e9it\u00e9rons notre soutien sans faille \u00e0 ce peuple qui est un ami et fr\u00e8re du S\u00e9n\u00e9gal\u2009\u00bb, d\u00e9clarent-ils dans le communiqu\u00e9.<\/p>\n\n\n\n<p>Dans le but d\u2019aboutir \u00e0 une paix durable dans la r\u00e9gion du Moyen-Orient, les responsables du Gasi appellent \u00ab\u2009la communaut\u00e9 internationale \u00e0 redoubler d\u2019efforts pour promouvoir la d\u00e9sescalade, encourager le dialogue et soutenir toutes les initiatives diplomatiques susceptibles de conduire \u00e0 une paix durable dans la r\u00e9gion\u2009\u00bb.<\/p>\n\n\n\n<p>Par ailleurs, ils r\u00e9affirment leur conviction que \u00ab\u2009la paix, la coop\u00e9ration entre les peuples et le respect du droit international constituent les fondements indispensables d\u2019un ordre mondial stable et juste\u2009\u00bb.<\/p>\n\n\n\n<p>Ils appellent l\u2019\u00c9tat s\u00e9n\u00e9galais \u00e0 s\u2019impliquer dans la m\u00e9diation de cette crise. \u00ab\u2009Le Groupe d\u2019amiti\u00e9 s\u00e9n\u00e9galo-iranien encourage \u00e9galement le gouvernement du S\u00e9n\u00e9gal \u00e0 poursuivre ses efforts au sein de la communaut\u00e9 internationale pour favoriser toute initiative susceptible de contribuer au retour \u00e0 la paix et \u00e0 la stabilit\u00e9 au Moyen-Orient\u2009\u00bb, concluent-ils.<\/p>\n\n\n\n<p><strong>Mamadou Makhfouse NGOM<\/strong><br>LESOLEIL<\/p>\n","protected":false},"excerpt":{"rendered":"<p>Le Groupe d\u2019amiti\u00e9 s\u00e9n\u00e9galo-iranien (Gasi) qui regroupe des citoyens s\u00e9n\u00e9galais et iraniens issus de divers horizons : universitaires, \u00e9tudiants, anciens<\/p>\n","protected":false},"author":1,"featured_media":69544,"comment_status":"open","ping_status":"open","sticky":false,"template":"","format":"standard","meta":{"footnotes":""},"categories":[21],"tags":[],"class_list":["post-69543","post","type-post","status-publish","format-standard","has-post-thumbnail","hentry","category-societe"],"_links":{"self":[{"href":"https:\/\/dekkbi.com\/index.php?rest_route=\/wp\/v2\/posts\/69543","targetHints":{"allow":["GET"]}}],"collection":[{"href":"https:\/\/dekkbi.com\/index.php?rest_route=\/wp\/v2\/posts"}],"about":[{"href":"https:\/\/dekkbi.com\/index.php?rest_route=\/wp\/v2\/types\/post"}],"author":[{"embeddable":true,"href":"https:\/\/dekkbi.com\/index.php?rest_route=\/wp\/v2\/users\/1"}],"replies":[{"embeddable":true,"href":"https:\/\/dekkbi.com\/index.php?rest_route=%2Fwp%2Fv2%2Fcomments&post=69543"}],"version-history":[{"count":1,"href":"https:\/\/dekkbi.com\/index.php?rest_route=\/wp\/v2\/posts\/69543\/revisions"}],"predecessor-version":[{"id":69545,"href":"https:\/\/dekkbi.com\/index.php?rest_route=\/wp\/v2\/posts\/69543\/revisions\/69545"}],"wp:featuredmedia":[{"embeddable":true,"href":"https:\/\/dekkbi.com\/index.php?rest_route=\/wp\/v2\/media\/69544"}],"wp:attachment":[{"href":"https:\/\/dekkbi.com\/index.php?rest_route=%2Fwp%2Fv2%2Fmedia&parent=69543"}],"wp:term":[{"taxonomy":"category","embeddable":true,"href":"https:\/\/dekkbi.com\/index.php?rest_route=%2Fwp%2Fv2%2Fcategories&post=69543"},{"taxonomy":"post_tag","embeddable":true,"href":"https:\/\/dekkbi.com\/index.php?rest_route=%2Fwp%2Fv2%2Ftags&post=69543"}],"curies":[{"name":"wp","href":"https:\/\/api.w.org\/{rel}","templated":true}]}}