{"id":69534,"date":"2026-03-17T10:10:38","date_gmt":"2026-03-17T10:10:38","guid":{"rendered":"https:\/\/dekkbi.com\/?p=69534"},"modified":"2026-03-17T10:10:39","modified_gmt":"2026-03-17T10:10:39","slug":"keur-massar-un-violent-incendie-ravage-le-garage-ndiaga-ndiaye","status":"publish","type":"post","link":"https:\/\/dekkbi.com\/?p=69534","title":{"rendered":"Keur Massar : Un violent incendie ravage le garage Ndiaga Ndiaye"},"content":{"rendered":"\n<p>L\u2019alerte a \u00e9t\u00e9 donn\u00e9e ce mardi 17 mars 2026. Un impressionnant incendie s\u2019est d\u00e9clar\u00e9 au c\u00e9l\u00e8bre garage de transport \u00ab Ndiaga Ndiaye \u00bb situ\u00e9 dans la commune de Keur Massar. Les d\u00e9g\u00e2ts mat\u00e9riels sont d\u2019ores et d\u00e9j\u00e0 jug\u00e9s consid\u00e9rables.<\/p>\n\n\n\n<p>Pour des raisons encore inconnues, le feu a pris au c\u0153ur du garage Ndiaga Ndiaye, point n\u00e9vralgique du transport pour la banlieue dakaroise. Rapidement, d\u2019\u00e9paisses colonnes de fum\u00e9e noire sont devenues visibles \u00e0 des kilom\u00e8tres \u00e0 la ronde, provoquant un d\u00e9but de panique chez les commer\u00e7ants et riverains install\u00e9s \u00e0 proximit\u00e9.<\/p>\n\n\n\n<p>Plusieurs minibus ont \u00e9t\u00e9 pi\u00e9g\u00e9s par les flammes avant que les conducteurs ne puissent les d\u00e9placer. Malgr\u00e9 la solidarit\u00e9 des jeunes du quartier qui ont tent\u00e9 de circonscrire le feu avec les moyens du bord, l\u2019intensit\u00e9 du brasier a n\u00e9cessit\u00e9 l\u2019intervention urgente des sapeurs-pompiers.<\/p>\n\n\n\n<p>Les forces de l\u2019ordre ont \u00e9tabli un p\u00e9rim\u00e8tre de s\u00e9curit\u00e9, perturbant fortement la circulation sur cet axe strat\u00e9gique. Une enqu\u00eate devrait \u00eatre ouverte pour d\u00e9terminer si l\u2019origine du sinistre est li\u00e9e \u00e0 un court-circuit ou \u00e0 une autre cause accidentelle.<\/p>\n\n\n\n<p>SOURCE LESOLEIL<\/p>\n","protected":false},"excerpt":{"rendered":"<p>L\u2019alerte a \u00e9t\u00e9 donn\u00e9e ce mardi 17 mars 2026. Un impressionnant incendie s\u2019est d\u00e9clar\u00e9 au c\u00e9l\u00e8bre garage de transport \u00ab<\/p>\n","protected":false},"author":1,"featured_media":69535,"comment_status":"open","ping_status":"open","sticky":false,"template":"","format":"standard","meta":{"footnotes":""},"categories":[26],"tags":[],"class_list":["post-69534","post","type-post","status-publish","format-standard","has-post-thumbnail","hentry","category-fait-divers"],"_links":{"self":[{"href":"https:\/\/dekkbi.com\/index.php?rest_route=\/wp\/v2\/posts\/69534","targetHints":{"allow":["GET"]}}],"collection":[{"href":"https:\/\/dekkbi.com\/index.php?rest_route=\/wp\/v2\/posts"}],"about":[{"href":"https:\/\/dekkbi.com\/index.php?rest_route=\/wp\/v2\/types\/post"}],"author":[{"embeddable":true,"href":"https:\/\/dekkbi.com\/index.php?rest_route=\/wp\/v2\/users\/1"}],"replies":[{"embeddable":true,"href":"https:\/\/dekkbi.com\/index.php?rest_route=%2Fwp%2Fv2%2Fcomments&post=69534"}],"version-history":[{"count":1,"href":"https:\/\/dekkbi.com\/index.php?rest_route=\/wp\/v2\/posts\/69534\/revisions"}],"predecessor-version":[{"id":69536,"href":"https:\/\/dekkbi.com\/index.php?rest_route=\/wp\/v2\/posts\/69534\/revisions\/69536"}],"wp:featuredmedia":[{"embeddable":true,"href":"https:\/\/dekkbi.com\/index.php?rest_route=\/wp\/v2\/media\/69535"}],"wp:attachment":[{"href":"https:\/\/dekkbi.com\/index.php?rest_route=%2Fwp%2Fv2%2Fmedia&parent=69534"}],"wp:term":[{"taxonomy":"category","embeddable":true,"href":"https:\/\/dekkbi.com\/index.php?rest_route=%2Fwp%2Fv2%2Fcategories&post=69534"},{"taxonomy":"post_tag","embeddable":true,"href":"https:\/\/dekkbi.com\/index.php?rest_route=%2Fwp%2Fv2%2Ftags&post=69534"}],"curies":[{"name":"wp","href":"https:\/\/api.w.org\/{rel}","templated":true}]}}