{"id":69520,"date":"2026-03-16T10:22:22","date_gmt":"2026-03-16T10:22:22","guid":{"rendered":"https:\/\/dekkbi.com\/?p=69520"},"modified":"2026-03-16T10:22:23","modified_gmt":"2026-03-16T10:22:23","slug":"le-pastef-tient-son-premier-congres-national-le-6-juin-prochain-a-dakar","status":"publish","type":"post","link":"https:\/\/dekkbi.com\/?p=69520","title":{"rendered":"Le PASTEF tient son premier congr\u00e8s national le 6 juin prochain \u00e0 Dakar"},"content":{"rendered":"\n<p>Le Conseil national du parti PASTEF-Les Patriotes s\u2019est r\u00e9uni en session ordinaire ce dimanche 15 mars 2026 \u00e0 Dakar, sous la pr\u00e9sidence de son leader Ousmane SONKO. L\u2019ordre du jour portait principalement sur la convocation et l\u2019organisation du 1er Congr\u00e8s du parti, \u00ab \u00e9tape cruciale dans la consolidation et l\u2019institutionnalisation de notre formation politique apr\u00e8s douze ann\u00e9es d\u2019existence marqu\u00e9es par l\u2019endurance, le sacrifice et le triomphe des id\u00e9es patriotiques \u00bb. \u00c0 l\u2019issue des d\u00e9lib\u00e9rations, plusieurs r\u00e9solutions ont \u00e9t\u00e9 adopt\u00e9es \u00e0 l\u2019unanimit\u00e9 par le conseil.<\/p>\n\n\n\n<p>Le Conseil national a valid\u00e9 la tenue du 1er congr\u00e8s national de PASTEF-Les Patriotes, qui se d\u00e9roulera le samedi 6 juin 2026 \u00e0 Dakar. Selon le communiqu\u00e9, \u00ab cet \u00e9v\u00e9nement constituera le point d\u2019orgue de la vie d\u00e9mocratique de notre organisation \u00bb.<\/p>\n\n\n\n<p>En tant qu\u2019instance supr\u00eame du parti, ce conclave aura pour missions principales l\u2019\u00e9lection du pr\u00e9sident du parti ainsi que \u00ab l\u2019adoption des orientations politiques majeures qui guideront l\u2019action du parti pour les six prochaines ann\u00e9es, afin de soutenir durablement la transformation syst\u00e9mique du S\u00e9n\u00e9gal dans une Afrique unie, libre et prosp\u00e8re \u00bb. Pour garantir la bonne tenue de cet important rendez-vous statutaire, le Conseil national a charg\u00e9 la Haute Autorit\u00e9 de r\u00e9gulation du parti (HARP) de l\u2019organisation de l\u2019\u00e9lection du pr\u00e9sident du parti. Par ailleurs, l\u2019instance a habilit\u00e9 le pr\u00e9sident et le Bureau politique national \u00ab \u00e0 proc\u00e9der \u00e0 la mise en place des comit\u00e9s pr\u00e9paratoires du congr\u00e8s \u00bb. Ces derniers seront charg\u00e9s de la r\u00e9daction des textes d\u2019orientation politique et doctrinale, de la gestion de la logistique et de la mobilisation nationale et internationale, ainsi que de la revue des textes de base du parti, \u00e0 savoir les Statuts, le R\u00e8glement int\u00e9rieur et la Charte des \u00e9lections.<\/p>\n\n\n\n<p>Dans cette dynamique, \u00ab le Conseil national invite tous les militants \u00e0 faire de ce rendez-vous du 6 juin 2026 un succ\u00e8s \u00e9clatant et un moment historique de cons\u00e9cration du \u2018Don de soi pour la Patrie\u2019 \u00bb.<\/p>\n\n\n\n<p>Au cours de cette r\u00e9union, le Conseil national a \u00e9galement \u00e9t\u00e9 inform\u00e9 de plusieurs avanc\u00e9es significatives concernant la vie interne du parti. Il a pris note de \u00ab l\u2019installation de la Commission nationale de placement des cartes (CNPC) et du nouveau format des cartes de membre, de la maquette du futur si\u00e8ge du parti \u00bb.<\/p>\n\n\n\n<p>Les membres ont aussi examin\u00e9 les conclusions de la r\u00e9union des leaders de la coalition APTE du 14 mars 2026, ainsi que les mesures prises pour la pr\u00e9paration des prochaines \u00e9lections locales. Enfin, Ousmane SONKO a exhort\u00e9 les membres du Conseil national \u00e0 \u00ab intensifier le travail militant et \u00e0 renforcer la fraternit\u00e9, l\u2019unit\u00e9 et la discipline au service du projet de transformation nationale et de r\u00e9volution citoyenne \u00bb.&nbsp;<\/p>\n\n\n\n<p><strong>Khadydja NDIAYE<\/strong><\/p>\n\n\n\n<p><a href=\"https:\/\/www.facebook.com\/sharer.php?u=https%3A%2F%2Fwalf-groupe.com%2Fblog%2F2026%2F03%2F16%2Fle-pastef-tient-son-premier-congres-national-le-6-juin-prochain-a-dakar%2F\"><\/a><\/p>\n","protected":false},"excerpt":{"rendered":"<p>Le Conseil national du parti PASTEF-Les Patriotes s\u2019est r\u00e9uni en session ordinaire ce dimanche 15 mars 2026 \u00e0 Dakar, sous<\/p>\n","protected":false},"author":1,"featured_media":46550,"comment_status":"open","ping_status":"open","sticky":false,"template":"","format":"standard","meta":{"footnotes":""},"categories":[6],"tags":[],"class_list":["post-69520","post","type-post","status-publish","format-standard","has-post-thumbnail","hentry","category-politics"],"_links":{"self":[{"href":"https:\/\/dekkbi.com\/index.php?rest_route=\/wp\/v2\/posts\/69520","targetHints":{"allow":["GET"]}}],"collection":[{"href":"https:\/\/dekkbi.com\/index.php?rest_route=\/wp\/v2\/posts"}],"about":[{"href":"https:\/\/dekkbi.com\/index.php?rest_route=\/wp\/v2\/types\/post"}],"author":[{"embeddable":true,"href":"https:\/\/dekkbi.com\/index.php?rest_route=\/wp\/v2\/users\/1"}],"replies":[{"embeddable":true,"href":"https:\/\/dekkbi.com\/index.php?rest_route=%2Fwp%2Fv2%2Fcomments&post=69520"}],"version-history":[{"count":1,"href":"https:\/\/dekkbi.com\/index.php?rest_route=\/wp\/v2\/posts\/69520\/revisions"}],"predecessor-version":[{"id":69521,"href":"https:\/\/dekkbi.com\/index.php?rest_route=\/wp\/v2\/posts\/69520\/revisions\/69521"}],"wp:featuredmedia":[{"embeddable":true,"href":"https:\/\/dekkbi.com\/index.php?rest_route=\/wp\/v2\/media\/46550"}],"wp:attachment":[{"href":"https:\/\/dekkbi.com\/index.php?rest_route=%2Fwp%2Fv2%2Fmedia&parent=69520"}],"wp:term":[{"taxonomy":"category","embeddable":true,"href":"https:\/\/dekkbi.com\/index.php?rest_route=%2Fwp%2Fv2%2Fcategories&post=69520"},{"taxonomy":"post_tag","embeddable":true,"href":"https:\/\/dekkbi.com\/index.php?rest_route=%2Fwp%2Fv2%2Ftags&post=69520"}],"curies":[{"name":"wp","href":"https:\/\/api.w.org\/{rel}","templated":true}]}}