{"id":6952,"date":"2023-01-30T15:01:52","date_gmt":"2023-01-30T15:01:52","guid":{"rendered":"https:\/\/dekkbi.com\/?p=6952"},"modified":"2023-01-30T15:01:54","modified_gmt":"2023-01-30T15:01:54","slug":"mottali-yeene-khalifa-sall-a-la-diaspora-en-italie-le-regime-ne-cesse-de-poser-des-actes-susceptibles-de-mener-au-chaos","status":"publish","type":"post","link":"https:\/\/dekkbi.com\/?p=6952","title":{"rendered":"\u00ab\u00a0Mottali Y\u00e9en\u00e9\u00a0\u00bb, Khalifa Sall \u00e0 la Diaspora en Italie : \u00ab Le r\u00e9gime ne cesse de poser des actes susceptibles de mener au chaos \u00bb"},"content":{"rendered":"\n<h3 class=\"wp-block-heading\">Dans le cadre de sa tourn\u00e9e \u00ab\u00a0Mottali Y\u00e9en\u00e9\u00a0\u00bb, le pr\u00e9sident Khalifa Ababacar Sall s&rsquo;est entretenu avec les S\u00e9n\u00e9galais \u00e9tablis en Italie. S\u2019adressant \u00e0 la Diaspora, Khalifa Sall a d\u00e9clar\u00e9 en Italie que : \u00ab Le r\u00e9gime ne cesse de poser des actes susceptibles de mener au chaos \u00bb. Voici son allocution du samedi 28 janvier 2023 \u00e0 l\u2019Auditorium A. Gramsci &#8211; Verdellino et quelques images durant son s\u00e9jour.<\/h3>\n\n\n\n<p>Chers compatriotes d\u2019Italie,<br>C\u2019est avec un immense plaisir que je me retrouve parmi vous, en Italie, pour vous \u00e9couter mais surtout, partager avec vous une ambition commune.<\/p>\n\n\n\n<p>Ce s\u00e9jour s\u2019inscrit dans le cadre de notre tourn\u00e9e *\u00ab MottaliY\u00e9ene \u00bb*, en perspective de l\u2019\u00e9lection pr\u00e9sidentielle de 2024. Apr\u00e8s le d\u00e9partement de Rufisque et la r\u00e9gion de Diourbel, nous voil\u00e0 en Italie pour \u00e9changer et partager avec vous, notre vision d\u2019un S\u00e9n\u00e9gal uni et r\u00e9uni.<\/p>\n\n\n\n<p>Au moment o\u00f9 je m\u2019adresse \u00e0 vous, en tant que candidat de la plateforme Taxawu Senegaal, notre pays traverse, malheureusement, des instants impr\u00e9visibles, incertains, pouvant d\u00e9couler sur des troubles. J\u2019imagine combien vos pens\u00e9es sont tourn\u00e9es vers vos amis, parents et proches. Le gouvernement du S\u00e9n\u00e9gal adepte du flou et de la n\u00e9bulosit\u00e9, ne cesse de poser des actes susceptibles de mener au chaos. *Qu\u2019il soit ici dit, int\u00e9gr\u00e9 et compris que nous n\u2019accepterons pas une quelconque troisi\u00e8me candidature*.<\/p>\n\n\n\n<p>H\u00e9las ! Les actes pos\u00e9s derni\u00e8rement confortent l\u2019id\u00e9e qu\u2019en perspective de 2024, le Pr\u00e9sident Macky Sall et son pouvoir veulent user de la force pour, comme par le pass\u00e9, \u00e9liminer des adversaires. Nous ne nous laisserons pas faire, nous ferons face. Nous r\u00e9sisterons. *Bien entendu, la r\u00e9sistance n\u2019\u00e9quivaut pas \u00e0 l\u2019insurrection mais plut\u00f4t au refus.* Nous nous dresserons et nous r\u00e9sisterons.<\/p>\n\n\n\n<p>L\u2019attitude du r\u00e9gime ne nous surprend gu\u00e8re. En effet, au r\u00e9f\u00e9rendum de 2016, lorsque nous avions battu campagne pour le \u00ab NON \u00bb, nous flairions d\u00e9j\u00e0, le pi\u00e8ge d\u2019un \u00e9ventuel d\u00e9bat sur le quinquennat. Le temps nous a donn\u00e9 raison.<\/p>\n\n\n\n<p>Je tiens \u00e0 r\u00e9affirmer ici l\u2019engagement Yewwi Askan Wi, \u00e0 faire face \u00e0 toute violation de la Constitution et des lois de notre pays. Comme l\u2019indique notre charte, chaque leader peut \u00eatre candidat, mais la coalition en tant que support, en tant qu\u2019instrument de lutte et de travail demeure et au final, le candidat le mieux plac\u00e9 sera soutenu par tous au second tour.<\/p>\n\n\n\n<p>Nous avons une coalition inventive qui r\u00e9unit des leaders politiques dans une d\u00e9marche empreinte de respect, de cordialit\u00e9, de fraternit\u00e9, de loyaut\u00e9 et de patriotisme. Yewwi Askan Wi demeurera et r\u00e9sistera.<\/p>\n\n\n\n<p>Mes Chers compatriotes,<br>La diaspora, c\u2019est aussi le S\u00e9n\u00e9gal et nous comptons sur vous, pour d\u00e9velopper notre pays car vous en avez les comp\u00e9tences. *Votre apport dans l\u2019\u00e9conomie nationale justifie largement la cr\u00e9ation d\u2019une banque de la diaspora*. Celle-ci serait un levier par lequel chaque compatriote immigr\u00e9 devient un agent \u00e9conomique. Vous avez l\u2019expertise et les qualifications requises pour donner corps \u00e0 la vision de cette banque.<\/p>\n\n\n\n<p>L\u2019id\u00e9e de base de l\u2019immigration circulaire faisait r\u00e9f\u00e9rence aux transferts de comp\u00e9tences. Je demeure persuad\u00e9 que si chacun d\u2019entre vous est mis dans les conditions idoines pour transmettre, dans son domaine, son expertise et ses connaissances, notre pays prendrait son envol \u00e9conomique. *Je reste convaincu que l\u2019immigration est une source et un vecteur de d\u00e9veloppement pour notre pays.*<\/p>\n\n\n\n<p>Le changement de paradigme dans l\u2019id\u00e9e que l\u2019on se fait de l\u2019immigration, doit \u00eatre act\u00e9 d\u00e8s \u00e0 pr\u00e9sent. Revenez au pays pour contribuer au d\u00e9veloppement. Nous d\u00e9sirons faire de vous et avec vous des acteurs du d\u00e9veloppement. *Refusez de jouer les seconds r\u00f4les, un ministre d\u00e9di\u00e9 \u00e0 la diaspora ne r\u00e9glera pas les pr\u00e9occupations*. Venez occuper les postes car vous en \u00eates capables.<\/p>\n\n\n\n<p>Ensemble, nous construirons un S\u00e9n\u00e9gal nouveau, ensemble pour \u00ab MottaliY\u00e9ene \u00bb.<\/p>\n\n\n\n<p>Khalifa AbabacarSall<br>Rendez-vous est pris pour les Usa et le Canada, du 31 Janvier au 4 F\u00e9vrier 2023.<\/p>\n\n\n\n<figure class=\"wp-block-image\"><a href=\"javascript:void(0)\"><img decoding=\"async\" src=\"https:\/\/www.leral.net\/photo\/art\/default\/70458328-49137813.jpg?v=1675071554\" alt=\"&quot;Mottali Y\u00e9en\u00e9&quot;, Khalifa Sall \u00e0 la Diaspora en Italie : \u00ab Le r\u00e9gime ne cesse de poser des actes susceptibles de mener au chaos \u00bb\" title=\"&quot;Mottali Y\u00e9en\u00e9&quot;, Khalifa Sall \u00e0 la Diaspora en Italie : \u00ab Le r\u00e9gime ne cesse de poser des actes susceptibles de mener au chaos \u00bb\"\/><\/a><\/figure>\n\n\n\n<figure class=\"wp-block-image\"><a href=\"javascript:void(0)\"><img decoding=\"async\" src=\"https:\/\/www.leral.net\/photo\/art\/default\/70458328-49137814.jpg?v=1675071578\" alt=\"&quot;Mottali Y\u00e9en\u00e9&quot;, Khalifa Sall \u00e0 la Diaspora en Italie : \u00ab Le r\u00e9gime ne cesse de poser des actes susceptibles de mener au chaos \u00bb\" title=\"&quot;Mottali Y\u00e9en\u00e9&quot;, Khalifa Sall \u00e0 la Diaspora en Italie : \u00ab Le r\u00e9gime ne cesse de poser des actes susceptibles de mener au chaos \u00bb\"\/><\/a><\/figure>\n\n\n\n<figure class=\"wp-block-image\"><a href=\"javascript:void(0)\"><img decoding=\"async\" src=\"https:\/\/www.leral.net\/photo\/art\/default\/70458328-49137817.jpg?v=1675071597\" alt=\"&quot;Mottali Y\u00e9en\u00e9&quot;, Khalifa Sall \u00e0 la Diaspora en Italie : \u00ab Le r\u00e9gime ne cesse de poser des actes susceptibles de mener au chaos \u00bb\" title=\"&quot;Mottali Y\u00e9en\u00e9&quot;, Khalifa Sall \u00e0 la Diaspora en Italie : \u00ab Le r\u00e9gime ne cesse de poser des actes susceptibles de mener au chaos \u00bb\"\/><\/a><\/figure>\n\n\n\n<figure class=\"wp-block-image\"><a href=\"javascript:void(0)\"><img decoding=\"async\" src=\"https:\/\/www.leral.net\/photo\/art\/default\/70458328-49137821.jpg?v=1675071619\" alt=\"&quot;Mottali Y\u00e9en\u00e9&quot;, Khalifa Sall \u00e0 la Diaspora en Italie : \u00ab Le r\u00e9gime ne cesse de poser des actes susceptibles de mener au chaos \u00bb\" title=\"&quot;Mottali Y\u00e9en\u00e9&quot;, Khalifa Sall \u00e0 la Diaspora en Italie : \u00ab Le r\u00e9gime ne cesse de poser des actes susceptibles de mener au chaos \u00bb\"\/><\/a><\/figure>\n\n\n\n<p><a href=\"https:\/\/www.leral.net\/author\/Fata-Michel-Dieye\/\">MD<\/a><\/p>\n","protected":false},"excerpt":{"rendered":"<p>Dans le cadre de sa tourn\u00e9e \u00ab\u00a0Mottali Y\u00e9en\u00e9\u00a0\u00bb, le pr\u00e9sident Khalifa Ababacar Sall s&rsquo;est entretenu avec les S\u00e9n\u00e9galais \u00e9tablis en<\/p>\n","protected":false},"author":1,"featured_media":6953,"comment_status":"open","ping_status":"open","sticky":false,"template":"","format":"standard","meta":{"footnotes":""},"categories":[6],"tags":[],"class_list":["post-6952","post","type-post","status-publish","format-standard","has-post-thumbnail","hentry","category-politics"],"_links":{"self":[{"href":"https:\/\/dekkbi.com\/index.php?rest_route=\/wp\/v2\/posts\/6952","targetHints":{"allow":["GET"]}}],"collection":[{"href":"https:\/\/dekkbi.com\/index.php?rest_route=\/wp\/v2\/posts"}],"about":[{"href":"https:\/\/dekkbi.com\/index.php?rest_route=\/wp\/v2\/types\/post"}],"author":[{"embeddable":true,"href":"https:\/\/dekkbi.com\/index.php?rest_route=\/wp\/v2\/users\/1"}],"replies":[{"embeddable":true,"href":"https:\/\/dekkbi.com\/index.php?rest_route=%2Fwp%2Fv2%2Fcomments&post=6952"}],"version-history":[{"count":1,"href":"https:\/\/dekkbi.com\/index.php?rest_route=\/wp\/v2\/posts\/6952\/revisions"}],"predecessor-version":[{"id":6954,"href":"https:\/\/dekkbi.com\/index.php?rest_route=\/wp\/v2\/posts\/6952\/revisions\/6954"}],"wp:featuredmedia":[{"embeddable":true,"href":"https:\/\/dekkbi.com\/index.php?rest_route=\/wp\/v2\/media\/6953"}],"wp:attachment":[{"href":"https:\/\/dekkbi.com\/index.php?rest_route=%2Fwp%2Fv2%2Fmedia&parent=6952"}],"wp:term":[{"taxonomy":"category","embeddable":true,"href":"https:\/\/dekkbi.com\/index.php?rest_route=%2Fwp%2Fv2%2Fcategories&post=6952"},{"taxonomy":"post_tag","embeddable":true,"href":"https:\/\/dekkbi.com\/index.php?rest_route=%2Fwp%2Fv2%2Ftags&post=6952"}],"curies":[{"name":"wp","href":"https:\/\/api.w.org\/{rel}","templated":true}]}}