{"id":69515,"date":"2026-03-16T10:17:47","date_gmt":"2026-03-16T10:17:47","guid":{"rendered":"https:\/\/dekkbi.com\/?p=69515"},"modified":"2026-03-16T10:17:47","modified_gmt":"2026-03-16T10:17:47","slug":"dissolution-de-lan-ousmane-sonko-annonce-une-proposition-de-loi-pour-verrouiller-linstitution","status":"publish","type":"post","link":"https:\/\/dekkbi.com\/?p=69515","title":{"rendered":"Dissolution de\u00a0l\u2019AN\u00a0:\u00a0Ousmane\u00a0SONKO annonce une proposition de loi\u00a0pour \u00ab verrouiller \u00bb\u00a0l\u2019institution"},"content":{"rendered":"\n<p>Dans une rencontre \u00e0 huis clos avec ses alli\u00e9s de l\u2019Alliance Patriotique pour le Travail et l\u2019\u00c9thique (APTE), le leader de&nbsp;Pastef, Ousmane&nbsp;SONKO&nbsp;a lev\u00e9 le voile sur un projet de loi constitutionnel&nbsp;dessinant&nbsp;les contours d\u2019un nouvel \u00e9quilibre des pouvoirs.<\/p>\n\n\n\n<p>Selon Lib\u00e9ration,\u00a0Ousmane\u00a0SONKO, plus offensif que jamais, a tenu \u00e0 rassurer ses alli\u00e9s sur la solidit\u00e9 du bloc pr\u00e9sidentiel tout en annon\u00e7ant des r\u00e9formes structurelles majeures.<\/p>\n\n\n\n<p>Le c\u0153ur du projet repose sur une modification profonde des r\u00e8gles de dissolution de l\u2019Assembl\u00e9e nationale. Actuellement per\u00e7ue comme un outil de pression constante de l\u2019ex\u00e9cutif sur le l\u00e9gislatif, la dissolution pourrait bient\u00f4t \u00eatre strictement encadr\u00e9e.<\/p>\n\n\n\n<p>Le projet de loi port\u00e9 par&nbsp;Pastef&nbsp;pr\u00e9voit qu\u2019un pr\u00e9sident de la R\u00e9publique ne puisse dissoudre l\u2019Assembl\u00e9e qu\u2019une seule fois au cours de son mandat. Une mesure forte qui vise \u00e0 garantir la stabilit\u00e9 parlementaire et \u00e0 forcer le dialogue en cas de crise politique.<\/p>\n\n\n\n<p><strong>Le \u00ab quitte ou double \u00bb constitutionnel<\/strong><\/p>\n\n\n\n<p>Si le chef de l\u2019\u00c9tat d\u00e9cidait, malgr\u00e9 tout, d\u2019engager une seconde dissolution, la loi l\u2019obligerait \u00e0 remettre son propre mandat en jeu.<\/p>\n\n\n\n<p>Alors que les rumeurs de d\u00e9mission de la Primature circulaient avec insistance, Ousmane&nbsp;SONKO&nbsp;a tranch\u00e9 : il reste \u00e0 la barre.&nbsp;<\/p>\n\n\n\n<p>Le Premier ministre a r\u00e9affirm\u00e9 qu\u2019il conservait sa&nbsp;<em>\u00ab libert\u00e9 de ton et de mouvement<\/em>&nbsp;\u00bb et qu\u2019il travaillait en \u00e9troite collaboration avec le Pr\u00e9sident Bassirou Diomaye&nbsp;FAYE&nbsp;sur ces r\u00e9formes.<\/p>\n\n\n\n<p>Le Conseil national de&nbsp;Pastef&nbsp;a d\u2019ores et d\u00e9j\u00e0 fix\u00e9 au 6 juin prochain la tenue de son congr\u00e8s, un rendez-vous qui s\u2019annonce d\u00e9cisif pour valider ces orientations constitutionnelles avant leur pr\u00e9sentation aux d\u00e9put\u00e9s.<\/p>\n\n\n\n<p><strong>Liboire SAGNA<\/strong><\/p>\n\n\n\n<p>WALFADJRI<a href=\"https:\/\/www.facebook.com\/sharer.php?u=https%3A%2F%2Fwalf-groupe.com%2Fblog%2F2026%2F03%2F16%2Fdissolution-de-lan-ousmane-sonko-annonce-une-proposition-de-loi-pour-verrouiller-linstitution%2F\"><\/a><\/p>\n","protected":false},"excerpt":{"rendered":"<p>Dans une rencontre \u00e0 huis clos avec ses alli\u00e9s de l\u2019Alliance Patriotique pour le Travail et l\u2019\u00c9thique (APTE), le leader<\/p>\n","protected":false},"author":1,"featured_media":64441,"comment_status":"open","ping_status":"open","sticky":false,"template":"","format":"standard","meta":{"footnotes":""},"categories":[6],"tags":[],"class_list":["post-69515","post","type-post","status-publish","format-standard","has-post-thumbnail","hentry","category-politics"],"_links":{"self":[{"href":"https:\/\/dekkbi.com\/index.php?rest_route=\/wp\/v2\/posts\/69515","targetHints":{"allow":["GET"]}}],"collection":[{"href":"https:\/\/dekkbi.com\/index.php?rest_route=\/wp\/v2\/posts"}],"about":[{"href":"https:\/\/dekkbi.com\/index.php?rest_route=\/wp\/v2\/types\/post"}],"author":[{"embeddable":true,"href":"https:\/\/dekkbi.com\/index.php?rest_route=\/wp\/v2\/users\/1"}],"replies":[{"embeddable":true,"href":"https:\/\/dekkbi.com\/index.php?rest_route=%2Fwp%2Fv2%2Fcomments&post=69515"}],"version-history":[{"count":1,"href":"https:\/\/dekkbi.com\/index.php?rest_route=\/wp\/v2\/posts\/69515\/revisions"}],"predecessor-version":[{"id":69516,"href":"https:\/\/dekkbi.com\/index.php?rest_route=\/wp\/v2\/posts\/69515\/revisions\/69516"}],"wp:featuredmedia":[{"embeddable":true,"href":"https:\/\/dekkbi.com\/index.php?rest_route=\/wp\/v2\/media\/64441"}],"wp:attachment":[{"href":"https:\/\/dekkbi.com\/index.php?rest_route=%2Fwp%2Fv2%2Fmedia&parent=69515"}],"wp:term":[{"taxonomy":"category","embeddable":true,"href":"https:\/\/dekkbi.com\/index.php?rest_route=%2Fwp%2Fv2%2Fcategories&post=69515"},{"taxonomy":"post_tag","embeddable":true,"href":"https:\/\/dekkbi.com\/index.php?rest_route=%2Fwp%2Fv2%2Ftags&post=69515"}],"curies":[{"name":"wp","href":"https:\/\/api.w.org\/{rel}","templated":true}]}}