{"id":69513,"date":"2026-03-16T10:15:11","date_gmt":"2026-03-16T10:15:11","guid":{"rendered":"https:\/\/dekkbi.com\/?p=69513"},"modified":"2026-03-16T10:15:12","modified_gmt":"2026-03-16T10:15:12","slug":"candidature-de-macky-sall-a-lonu-lapr-charge-ousmane-sonko","status":"publish","type":"post","link":"https:\/\/dekkbi.com\/?p=69513","title":{"rendered":"Candidature de Macky SALL \u00e0 l\u2019ONU : l\u2019APR charge Ousmane SONKO"},"content":{"rendered":"\n<p>L\u2019Alliance pour la R\u00e9publique (APR) est mont\u00e9e au cr\u00e9neau pour d\u00e9fendre la candidature de l\u2019ancien pr\u00e9sident Macky SALL au poste de Secr\u00e9taire g\u00e9n\u00e9ral de l\u2019Organisation des Nations Unies (ONU). Lors d\u2019une conf\u00e9rence de presse tenue ce dimanche, le parti a r\u00e9affirm\u00e9 son soutien \u00e0 son leader tout en critiquant les d\u00e9clarations du Premier ministre Ousmane SONKO, accus\u00e9 de chercher \u00e0 ternir l\u2019image de l\u2019ancien chef de l\u2019\u00c9tat.<\/p>\n\n\n\n<p>Les responsables de l\u2019APR ont rappel\u00e9 que la candidature de Macky SALL s\u2019inscrit dans une dynamique diplomatique port\u00e9e par l\u2019Union africaine et soutenue par plusieurs acteurs politiques et civiques au S\u00e9n\u00e9gal et sur le continent. Ils ont \u00e9galement tenu \u00e0 replacer cette initiative dans son contexte, alors que le gouvernement s\u00e9n\u00e9galais a officiellement pris ses distances avec cette d\u00e9marche.<\/p>\n\n\n\n<h3 class=\"wp-block-heading\">Pour les responsables r\u00e9publicains, cette position du pouvoir actuel rel\u00e8ve davantage d\u2019une posture politique interne que d\u2019une analyse objective des enjeux diplomatiques. Selon eux, l\u2019ancien pr\u00e9sident s\u00e9n\u00e9galais dispose d\u2019une l\u00e9gitimit\u00e9 internationale forg\u00e9e durant ses douze ann\u00e9es \u00e0 la t\u00eate du pays, marqu\u00e9es notamment par sa pr\u00e9sidence de l\u2019Union africaine en 2022 et du G20 en 2023. \u00ab La cr\u00e9dibilit\u00e9 d\u2019un \u00c9tat se construit sur la constance de ses engagements \u00bb, ont-ils rappel\u00e9.<\/h3>\n\n\n\n<p>Dans leur d\u00e9claration, les responsables de l\u2019APR ont \u00e9galement cibl\u00e9 le Premier ministre Ousmane SONKO, dont les propos sur cette candidature ont \u00e9t\u00e9 qualifi\u00e9s de \u00ab truff\u00e9s de contre-v\u00e9rit\u00e9s \u00bb. Le parti accuse ainsi le chef du gouvernement de chercher \u00e0 affaiblir l\u2019image internationale de Macky SALL pour des consid\u00e9rations politiques internes.<\/p>\n\n\n\n<p>L\u2019APR entend d\u00e9fendre le bilan de son ancien pr\u00e9sident et contester la communication du pouvoir actuel. Le parti affirme vouloir mobiliser ses militants et maintenir la pression sur le terrain politique face \u00e0 ce qu\u2019il qualifie d\u2019\u00ab incurie \u00bb et d\u2019\u00ab improvisation \u00bb du gouvernement dirig\u00e9 par Ousmane SONKO.<\/p>\n\n\n\n<p><strong>Babacar NGOM<\/strong><br>WALFADJRI<\/p>\n\n\n\n<p><a href=\"https:\/\/www.facebook.com\/sharer.php?u=https%3A%2F%2Fwalf-groupe.com%2Fblog%2F2026%2F03%2F15%2Fcandidature-de-macky-sall-a-lonu-lapr-charge-ousmane-sonko%2F\"><\/a><\/p>\n","protected":false},"excerpt":{"rendered":"<p>L\u2019Alliance pour la R\u00e9publique (APR) est mont\u00e9e au cr\u00e9neau pour d\u00e9fendre la candidature de l\u2019ancien pr\u00e9sident Macky SALL au poste<\/p>\n","protected":false},"author":1,"featured_media":68960,"comment_status":"open","ping_status":"open","sticky":false,"template":"","format":"standard","meta":{"footnotes":""},"categories":[6],"tags":[],"class_list":["post-69513","post","type-post","status-publish","format-standard","has-post-thumbnail","hentry","category-politics"],"_links":{"self":[{"href":"https:\/\/dekkbi.com\/index.php?rest_route=\/wp\/v2\/posts\/69513","targetHints":{"allow":["GET"]}}],"collection":[{"href":"https:\/\/dekkbi.com\/index.php?rest_route=\/wp\/v2\/posts"}],"about":[{"href":"https:\/\/dekkbi.com\/index.php?rest_route=\/wp\/v2\/types\/post"}],"author":[{"embeddable":true,"href":"https:\/\/dekkbi.com\/index.php?rest_route=\/wp\/v2\/users\/1"}],"replies":[{"embeddable":true,"href":"https:\/\/dekkbi.com\/index.php?rest_route=%2Fwp%2Fv2%2Fcomments&post=69513"}],"version-history":[{"count":1,"href":"https:\/\/dekkbi.com\/index.php?rest_route=\/wp\/v2\/posts\/69513\/revisions"}],"predecessor-version":[{"id":69514,"href":"https:\/\/dekkbi.com\/index.php?rest_route=\/wp\/v2\/posts\/69513\/revisions\/69514"}],"wp:featuredmedia":[{"embeddable":true,"href":"https:\/\/dekkbi.com\/index.php?rest_route=\/wp\/v2\/media\/68960"}],"wp:attachment":[{"href":"https:\/\/dekkbi.com\/index.php?rest_route=%2Fwp%2Fv2%2Fmedia&parent=69513"}],"wp:term":[{"taxonomy":"category","embeddable":true,"href":"https:\/\/dekkbi.com\/index.php?rest_route=%2Fwp%2Fv2%2Fcategories&post=69513"},{"taxonomy":"post_tag","embeddable":true,"href":"https:\/\/dekkbi.com\/index.php?rest_route=%2Fwp%2Fv2%2Ftags&post=69513"}],"curies":[{"name":"wp","href":"https:\/\/api.w.org\/{rel}","templated":true}]}}