{"id":69493,"date":"2026-03-16T09:53:21","date_gmt":"2026-03-16T09:53:21","guid":{"rendered":"https:\/\/dekkbi.com\/?p=69493"},"modified":"2026-03-16T09:53:22","modified_gmt":"2026-03-16T09:53:22","slug":"lislamophobie-un-fleau-a-eradiquer-de-tous-les-pays-et-de-toutes-les-communautes-selon-antonio-guterres","status":"publish","type":"post","link":"https:\/\/dekkbi.com\/?p=69493","title":{"rendered":"L\u2019islamophobie, un \u2018\u2019fl\u00e9au\u2019\u2019 \u00e0 \u00e9radiquer de \u2018\u2019tous les pays et de toutes les communaut\u00e9s\u2019\u2019, selon Ant\u00f3nio Guterres"},"content":{"rendered":"\n<p>Dakar, (APS) \u2013 L\u2019islamophobie est un \u2018\u2019fl\u00e9au\u2019\u2019 qu\u2019il faut \u00e9radiquer de \u2018\u2019tous les pays et de toutes les communaut\u00e9s\u2019\u2019, a lanc\u00e9 le Secr\u00e9taire g\u00e9n\u00e9ral de l\u2019ONU, Ant\u00f3nio Guterres, invitant la communaut\u00e9 internationale \u00e0 r\u00e9affirmer son engagement \u2018\u2019en faveur de l\u2019\u00e9galit\u00e9, des droits humains et de la dignit\u00e9 de chacun et chacune, quelle que soit sa religion\u2019\u2019.<\/p>\n\n\n\n<p>\u2018\u2019\u00c9radiquons le fl\u00e9au de l\u2019islamophobie de tous les pays et de toutes les communaut\u00e9s\u2019\u2019, a d\u00e9clar\u00e9 M. Guterres dans son message \u00e0 l\u2019occasion de la Journ\u00e9e internationale de lutte contre l\u2019islamophobie c\u00e9l\u00e9br\u00e9e ce dimanche 15 mars.<\/p>\n\n\n\n<p>Il a invit\u00e9 la communaut\u00e9 internationale \u00e0 r\u00e9affirmer son \u2018\u2019engagement en faveur de l\u2019\u00e9galit\u00e9, des droits humains et de la dignit\u00e9 de chacun et chacune, quelle que soit sa religion\u2019\u2019.<\/p>\n\n\n\n<p>Selon Ant\u00f3nio Guterres, \u2018\u2019les deux milliards de musulmans que compte la population mondiale vivent aux quatre coins du globe, ce qui t\u00e9moigne de la grande diversit\u00e9 de l\u2019humanit\u00e9\u2019\u2019.<\/p>\n\n\n\n<p>Pourtant, d\u00e9plore le patron de l\u2019ONU, \u2018\u2019ils sont souvent confront\u00e9s \u00e0 une discrimination institutionnelle, \u00e0 l\u2019exclusion socio\u00e9conomique, \u00e0 des politiques d\u2019immigration biais\u00e9es, ainsi qu\u2019\u00e0 des pratiques de surveillance et de profilage injustifi\u00e9es\u2019\u2019.<\/p>\n\n\n\n<p>Il ajoute que \u2018\u2019ces ph\u00e9nom\u00e8nes inqui\u00e9tants sont aliment\u00e9s par une rh\u00e9torique antimusulmane et par une haine manifeste, qui peuvent conduire \u00e0 des actes de harc\u00e8lement et de violence contre des personnes et des lieux de culte\u2019\u2019.<\/p>\n\n\n\n<p>Ant\u00f3nio Guterres invite les gouvernements \u00e0 \u2018\u2019prendre des mesures concr\u00e8tes pour lutter contre les discours de haine, prot\u00e9ger la libert\u00e9 de religion et combattre la discrimination, notamment en veillant \u00e0 ce que le droit international des droits humains soit pleinement respect\u00e9\u2019\u2019.<\/p>\n\n\n\n<p>Il invite \u00e9galement les plateformes en ligne \u00e0 \u2018\u2019tout mettre en \u0153uvre pour faire dispara\u00eetre des contenus qu\u2019elles publient les discours haineux et le harc\u00e8lement contre des personnes en raison de leur religion ou de leurs convictions\u2019\u2019.<\/p>\n\n\n\n<p>\u201dNous devons tous et toutes d\u00e9noncer le sectarisme, la x\u00e9nophobie et la discrimination partout o\u00f9 ils se manifestent\u2019\u2019, a-t-il d\u00e9clar\u00e9, rappelant avoir nomm\u00e9 en mai 2025 le Haut-Repr\u00e9sentant pour l\u2019Alliance des civilisations en tant qu\u2019Envoy\u00e9 sp\u00e9cial des Nations Unies pour la lutte contre l\u2019islamophobie, afin de \u2018\u2019renforcer notre action collective\u2019\u2019.<\/p>\n\n\n\n<p>OID<\/p>\n","protected":false},"excerpt":{"rendered":"<p>Dakar, (APS) \u2013 L\u2019islamophobie est un \u2018\u2019fl\u00e9au\u2019\u2019 qu\u2019il faut \u00e9radiquer de \u2018\u2019tous les pays et de toutes les communaut\u00e9s\u2019\u2019, a<\/p>\n","protected":false},"author":1,"featured_media":8175,"comment_status":"open","ping_status":"open","sticky":false,"template":"","format":"standard","meta":{"footnotes":""},"categories":[6],"tags":[],"class_list":["post-69493","post","type-post","status-publish","format-standard","has-post-thumbnail","hentry","category-politics"],"_links":{"self":[{"href":"https:\/\/dekkbi.com\/index.php?rest_route=\/wp\/v2\/posts\/69493","targetHints":{"allow":["GET"]}}],"collection":[{"href":"https:\/\/dekkbi.com\/index.php?rest_route=\/wp\/v2\/posts"}],"about":[{"href":"https:\/\/dekkbi.com\/index.php?rest_route=\/wp\/v2\/types\/post"}],"author":[{"embeddable":true,"href":"https:\/\/dekkbi.com\/index.php?rest_route=\/wp\/v2\/users\/1"}],"replies":[{"embeddable":true,"href":"https:\/\/dekkbi.com\/index.php?rest_route=%2Fwp%2Fv2%2Fcomments&post=69493"}],"version-history":[{"count":1,"href":"https:\/\/dekkbi.com\/index.php?rest_route=\/wp\/v2\/posts\/69493\/revisions"}],"predecessor-version":[{"id":69494,"href":"https:\/\/dekkbi.com\/index.php?rest_route=\/wp\/v2\/posts\/69493\/revisions\/69494"}],"wp:featuredmedia":[{"embeddable":true,"href":"https:\/\/dekkbi.com\/index.php?rest_route=\/wp\/v2\/media\/8175"}],"wp:attachment":[{"href":"https:\/\/dekkbi.com\/index.php?rest_route=%2Fwp%2Fv2%2Fmedia&parent=69493"}],"wp:term":[{"taxonomy":"category","embeddable":true,"href":"https:\/\/dekkbi.com\/index.php?rest_route=%2Fwp%2Fv2%2Fcategories&post=69493"},{"taxonomy":"post_tag","embeddable":true,"href":"https:\/\/dekkbi.com\/index.php?rest_route=%2Fwp%2Fv2%2Ftags&post=69493"}],"curies":[{"name":"wp","href":"https:\/\/api.w.org\/{rel}","templated":true}]}}