{"id":69486,"date":"2026-03-13T11:23:35","date_gmt":"2026-03-13T11:23:35","guid":{"rendered":"https:\/\/dekkbi.com\/?p=69486"},"modified":"2026-03-13T14:01:33","modified_gmt":"2026-03-13T14:01:33","slug":"forte-mobilisation-a-bruxelles-contre-les-reformes-du-gouvernement-belge","status":"publish","type":"post","link":"https:\/\/dekkbi.com\/?p=69486","title":{"rendered":"Forte mobilisation \u00e0 Bruxelles"},"content":{"rendered":"\n<p>Une manifestation contre les r\u00e9formes \u00e9conomiques du gouvernement belge, dirig\u00e9 par le conservateur flamand Bart De Wever, a r\u00e9uni jeudi \u00e0 Bruxelles 80.000 personnes selon la police, plus de 100.000 selon les syndicats, qui se sont f\u00e9licit\u00e9s d&rsquo;une nouvelle forte mobilisation.<\/p>\n\n\n\n<p>La police de la capitale belge avait d\u00e9nombr\u00e9 80.000 manifestants d\u00e9j\u00e0 le 14 octobre, au pic de la mobilisation syndicale engag\u00e9e depuis d\u00e9but 2025, \u00e0 l&rsquo;entr\u00e9e en fonctions du nouveau gouvernement.<\/p>\n\n\n\n<p>\u00ab\u00a0C&rsquo;est le signe d&rsquo;une d\u00e9termination tr\u00e8s forte mais aussi de l&rsquo;angoisse g\u00e9n\u00e9r\u00e9e par la situation g\u00e9opolitique. Elle montre que les fins de mois vont devenir vraiment tr\u00e8s difficiles avec l&rsquo;augmentation d&rsquo;une s\u00e9rie de produits de base; essence, diesel, produits de chauffage\u00a0\u00bb, a d\u00e9clar\u00e9 \u00e0 l&rsquo;AFP Marie-H\u00e9l\u00e8ne Ska, secr\u00e9taire g\u00e9n\u00e9rale de la Conf\u00e9d\u00e9ration des syndicats chr\u00e9tiens (CSC).<\/p>\n\n\n\n<p>Dans le cort\u00e8ge, de nombreuses pancartes avec le chiffre 67 barr\u00e9 s&rsquo;en prenaient \u00e0 la suppression des possibilit\u00e9s de d\u00e9part en retraite anticip\u00e9 et \u00e0 l&rsquo;alignement public\/priv\u00e9 sur l&rsquo;\u00e2ge de 67 ans \u00e0 l&rsquo;horizon 2030.<\/p>\n\n\n\n<h2 class=\"wp-block-heading\">\u00ab\u00a0Planifier ma vie, pas ma survie\u00a0\u00bb<\/h2>\n\n\n\n<p>Cette r\u00e9forme des pensions doit s&rsquo;accompagner d&rsquo;un syst\u00e8me de bonus-malus tout juste d\u00e9voil\u00e9 par le gouvernement et qui est jug\u00e9 par les syndicats tr\u00e8s d\u00e9favorable aux carri\u00e8res hach\u00e9es et donc aux femmes.<\/p>\n\n\n\n<p>\u00ab\u00a0A 25 ans je veux planifier ma vie, pas ma survie\u00a0\u00bb, pouvait-on lire sur la pancarte d&rsquo;une jeune femme, crois\u00e9e par l&rsquo;AFP dans le cort\u00e8ge.<\/p>\n\n\n\n<p>Interpell\u00e9 \u00e0 la Chambre par l&rsquo;opposition de gauche qui lui reprochait un \u00ab\u00a0coup de force antisocial\u00a0\u00bb, le Premier ministre a r\u00e9affirm\u00e9 que ses r\u00e9formes \u00e9taient indispensables pour assainir les finances publiques.<\/p>\n\n\n\n<p>\u00ab\u00a0Maintenir le cap, c&rsquo;est notre devoir. Ne pas le faire, ce serait une preuve d&rsquo;\u00e9go\u00efsme envers nos enfants et petits enfants\u00a0\u00bb, a martel\u00e9 Bart De Wever.<\/p>\n\n\n\n<p>Verte, rouge, bleue: la mar\u00e9e humaine refl\u00e9tait les couleurs des trois syndicats ayant appel\u00e9 ensemble \u00e0 cette manifestation doubl\u00e9e d&rsquo;une journ\u00e9e de gr\u00e8ve, \u00e0 savoir la CSC, la FGTB (socialiste) et la CGSLB (lib\u00e9ral).<\/p>\n\n\n\n<p>Des dizaines d&rsquo;associations s&rsquo;\u00e9taient \u00e9galement jointes au d\u00e9fil\u00e9, comme la branche belge d&rsquo;ATD Quart Monde, inqui\u00e8te des cons\u00e9quences de la r\u00e9forme du ch\u00f4mage.<\/p>\n\n\n\n<h2 class=\"wp-block-heading\">\u00ab\u00a0Augmentation de la pauvret\u00e9\u00a0\u00bb<\/h2>\n\n\n\n<p>\u00ab\u00a0On craint une \u00e9norme augmentation de la pauvret\u00e9 plut\u00f4t qu&rsquo;un retour \u00e0 l&#8217;emploi. Les formations propos\u00e9es sont souvent tr\u00e8s r\u00e9duites\u00a0\u00bb, a dit \u00e0 l&rsquo;AFP Baptiste Boulbes, un b\u00e9n\u00e9vole de cette organisation.<\/p>\n\n\n\n<p>La manifestation s&rsquo;est principalement d\u00e9roul\u00e9e sans heurts, la police faisant \u00e9tat d&rsquo;une cinquantaine d&rsquo;interpellations.<\/p>\n\n\n\n<p>Le Parlement belge a vot\u00e9 l&rsquo;\u00e9t\u00e9 dernier la limitation \u00e0 deux ans des allocations ch\u00f4mage, une r\u00e9forme phare du gouvernement De Wever accus\u00e9e par les syndicats de pr\u00e9cariser des milliers de Belges, particuli\u00e8rement dans la r\u00e9gion de Bruxelles et en Wallonie (sud), o\u00f9 le taux de ch\u00f4mage est deux fois plus \u00e9lev\u00e9 qu&rsquo;en Flandre (nord).<\/p>\n\n\n\n<p>Transports publics, administrations, collecte des d\u00e9chets: la gr\u00e8ve a entra\u00een\u00e9 des perturbations dans de nombreux secteurs.<\/p>\n\n\n\n<p>Faute d&rsquo;agents de s\u00e9curit\u00e9 et de manutentionnaires en nombre suffisant, les deux principaux a\u00e9roports belges, Bruxelles-Zaventem et Charleroi, ont annul\u00e9 \u00e0 l&rsquo;avance tous les d\u00e9parts qui \u00e9taient initialement pr\u00e9vus jeudi.<\/p>\n","protected":false},"excerpt":{"rendered":"<p>Une manifestation contre les r\u00e9formes \u00e9conomiques du gouvernement belge, dirig\u00e9 par le conservateur flamand Bart De Wever, a r\u00e9uni jeudi<\/p>\n","protected":false},"author":1,"featured_media":69487,"comment_status":"open","ping_status":"open","sticky":false,"template":"","format":"standard","meta":{"footnotes":""},"categories":[51],"tags":[],"class_list":["post-69486","post","type-post","status-publish","format-standard","has-post-thumbnail","hentry","category-general"],"_links":{"self":[{"href":"https:\/\/dekkbi.com\/index.php?rest_route=\/wp\/v2\/posts\/69486","targetHints":{"allow":["GET"]}}],"collection":[{"href":"https:\/\/dekkbi.com\/index.php?rest_route=\/wp\/v2\/posts"}],"about":[{"href":"https:\/\/dekkbi.com\/index.php?rest_route=\/wp\/v2\/types\/post"}],"author":[{"embeddable":true,"href":"https:\/\/dekkbi.com\/index.php?rest_route=\/wp\/v2\/users\/1"}],"replies":[{"embeddable":true,"href":"https:\/\/dekkbi.com\/index.php?rest_route=%2Fwp%2Fv2%2Fcomments&post=69486"}],"version-history":[{"count":2,"href":"https:\/\/dekkbi.com\/index.php?rest_route=\/wp\/v2\/posts\/69486\/revisions"}],"predecessor-version":[{"id":69489,"href":"https:\/\/dekkbi.com\/index.php?rest_route=\/wp\/v2\/posts\/69486\/revisions\/69489"}],"wp:featuredmedia":[{"embeddable":true,"href":"https:\/\/dekkbi.com\/index.php?rest_route=\/wp\/v2\/media\/69487"}],"wp:attachment":[{"href":"https:\/\/dekkbi.com\/index.php?rest_route=%2Fwp%2Fv2%2Fmedia&parent=69486"}],"wp:term":[{"taxonomy":"category","embeddable":true,"href":"https:\/\/dekkbi.com\/index.php?rest_route=%2Fwp%2Fv2%2Fcategories&post=69486"},{"taxonomy":"post_tag","embeddable":true,"href":"https:\/\/dekkbi.com\/index.php?rest_route=%2Fwp%2Fv2%2Ftags&post=69486"}],"curies":[{"name":"wp","href":"https:\/\/api.w.org\/{rel}","templated":true}]}}