{"id":69478,"date":"2026-03-13T11:13:50","date_gmt":"2026-03-13T11:13:50","guid":{"rendered":"https:\/\/dekkbi.com\/?p=69478"},"modified":"2026-03-13T11:14:28","modified_gmt":"2026-03-13T11:14:28","slug":"athletisme-armand-duplantis-senvole-devant-son-public-pour-son-15e-record-du-monde","status":"publish","type":"post","link":"https:\/\/dekkbi.com\/?p=69478","title":{"rendered":"Duplantis: 15e record du monde"},"content":{"rendered":"\n<p>Encore un centim\u00e8tre! Le prodige su\u00e9dois Armand \u00ab\u00a0Mondo\u00a0\u00bb Duplantis a am\u00e9lior\u00e9 son record du monde jeudi pour la premi\u00e8re fois lors de \u00ab\u00a0son meeting\u00a0\u00bb en salle, le Mondo Classic \u00e0 Uppsala, en franchissant 6,31 m.<\/p>\n\n\n\n<p><strong>Par :RFI avec AFP<\/strong><\/p>\n\n\n\n<p>Le perchiste de 26 ans am\u00e9liore pour la 15e fois son record du monde qu&rsquo;il d\u00e9tient depuis qu&rsquo;il a d\u00e9tr\u00f4n\u00e9 le Fran\u00e7ais Renaud Lavillenie en franchissant 6,17 m en 2020. Son pr\u00e9c\u00e9dent record remontait \u00e0 septembre lors de son titre mondial \u00e0 Tokyo.<\/p>\n\n\n\n<p>Devant son public debout, le perchiste a entam\u00e9 un tour d&rsquo;honneur, couvert du drapeau su\u00e9dois, apr\u00e8s un concours au cours duquel il n&rsquo;a laiss\u00e9 planer aucun doute sur sa sup\u00e9riorit\u00e9.<\/p>\n\n\n\n<p>Il devait pourtant affronter un plateau d&rsquo;un niveau in\u00e9dit avec huit sauteurs ayant un record \u00e0 au moins 6 m dont le nouveau deuxi\u00e8me meilleur performeur mondial, le Grec Emmanouil Karalis qui avait franchi 6,17 m fin f\u00e9vrier en Gr\u00e8ce.<\/p>\n\n\n\n<p>\u00ab&nbsp;<em>C&rsquo;est ma maison. C&rsquo;est notre maison. C&rsquo;est comme \u00e7a. Et vous savez que chaque fois que je suis sur la piste, je vous repr\u00e9sente. Et je le fais avec beaucoup de fiert\u00e9<\/em>&nbsp;\u00bb, a-t-il dit au public juste apr\u00e8s son nouveau record.<\/p>\n\n\n\n<p>\u00ab&nbsp;<em>Je suis tellement fier d&rsquo;avoir pu le faire devant vous. Je saute pour moi, je saute pour ma famille, mais je saute aussi pour vous, pour la Su\u00e8de et pour tous ceux qui me soutiennent<\/em>&nbsp;\u00bb, a-t-il ajout\u00e9.<\/p>\n\n\n\n<h2 class=\"wp-block-heading\">Plus d&rsquo;\u00e9lan<\/h2>\n\n\n\n<p>Apr\u00e8s un premier saut tr\u00e8s ais\u00e9 \u00e0 5,65 m, puis un autre tout aussi facile \u00e0 5,90 m, le Su\u00e9dois franchissait haut la main 6,08 m.<\/p>\n\n\n\n<p>Il \u00e9tait alors d\u00e9j\u00e0 seul en piste, le Norv\u00e9gien Sondre Guttormsen (6,00 m) ayant \u00e9t\u00e9 le seul autre concurrent \u00e0 franchir les 6 m\u00e8tres lors de ce concours.<\/p>\n\n\n\n<p>Devant un public conquis, Duplantis demandait 6,31 m et s&rsquo;\u00e9lan\u00e7ait pour franchir la barre d\u00e8s son premier essai.<\/p>\n\n\n\n<p>\u00ab&nbsp;<em>Si quelqu&rsquo;un vient en Su\u00e8de pour me d\u00e9fier, il aura encore plus de mal \u00e0 me battre. Je suis tr\u00e8s \u00e9mu en ce moment. Il y avait une pression suppl\u00e9mentaire, car je voulais r\u00e9aliser une performance diff\u00e9rente. Battre le record du monde ici est vraiment incroyable&nbsp;<\/em>\u00bb, a dit le multi-recordman du monde \u00e0 la chaine SVT.<\/p>\n\n\n\n<p>La star su\u00e9doise a expliqu\u00e9 avoir d\u00e9cid\u00e9 d&rsquo;allonger sa course d&rsquo;\u00e9lan afin de mieux ma\u00eetriser une perche plus rigide.<\/p>\n\n\n\n<p>\u00ab&nbsp;<em>J&rsquo;ai essay\u00e9 de faire quelque chose de nouveau et de me pousser \u00e0 fond. C&rsquo;est vraiment une sensation g\u00e9niale<\/em>&nbsp;\u00bb, a-t-il ajout\u00e9 aupr\u00e8s de la chaine de t\u00e9l\u00e9.<\/p>\n\n\n\n<p>La star avait d\u00e9but\u00e9 sa saison diminu\u00e9 \u00e0 Clermont-Ferrand, avec une barre \u00e0 6,06 m, mais il attendait cette concurrence renouvel\u00e9e avec envie.<\/p>\n\n\n\n<p>Le duel esp\u00e9r\u00e9 avec Karalis n&rsquo;a pas eu lieu, le Grec franchissant 5,80 m avant d&rsquo;\u00e9chouer \u00e0 6,00 m.<\/p>\n\n\n\n<p>Duplantis aura l&rsquo;occasion de tenter de battre son tout nouveau record du monde \u00e0 l&rsquo;occasion des championnats du monde en salle \u00e0 Torun (Pologne) fin mars, o\u00f9 il retrouvera le Grec.<\/p>\n\n\n\n<p>En juin 2025, \u00ab\u00a0Mondo\u00a0\u00bb avait battu pour la premi\u00e8re fois son record du monde en Su\u00e8de lors du meeting de Diamond League \u00e0 Stockholm, disant alors avoir connu l&rsquo;un de ses plus m\u00e9morables souvenirs de perchiste.<\/p>\n","protected":false},"excerpt":{"rendered":"<p>Encore un centim\u00e8tre! Le prodige su\u00e9dois Armand \u00ab\u00a0Mondo\u00a0\u00bb Duplantis a am\u00e9lior\u00e9 son record du monde jeudi pour la premi\u00e8re fois<\/p>\n","protected":false},"author":1,"featured_media":69479,"comment_status":"open","ping_status":"open","sticky":false,"template":"","format":"standard","meta":{"footnotes":""},"categories":[9],"tags":[],"class_list":["post-69478","post","type-post","status-publish","format-standard","has-post-thumbnail","hentry","category-sports"],"_links":{"self":[{"href":"https:\/\/dekkbi.com\/index.php?rest_route=\/wp\/v2\/posts\/69478","targetHints":{"allow":["GET"]}}],"collection":[{"href":"https:\/\/dekkbi.com\/index.php?rest_route=\/wp\/v2\/posts"}],"about":[{"href":"https:\/\/dekkbi.com\/index.php?rest_route=\/wp\/v2\/types\/post"}],"author":[{"embeddable":true,"href":"https:\/\/dekkbi.com\/index.php?rest_route=\/wp\/v2\/users\/1"}],"replies":[{"embeddable":true,"href":"https:\/\/dekkbi.com\/index.php?rest_route=%2Fwp%2Fv2%2Fcomments&post=69478"}],"version-history":[{"count":2,"href":"https:\/\/dekkbi.com\/index.php?rest_route=\/wp\/v2\/posts\/69478\/revisions"}],"predecessor-version":[{"id":69482,"href":"https:\/\/dekkbi.com\/index.php?rest_route=\/wp\/v2\/posts\/69478\/revisions\/69482"}],"wp:featuredmedia":[{"embeddable":true,"href":"https:\/\/dekkbi.com\/index.php?rest_route=\/wp\/v2\/media\/69479"}],"wp:attachment":[{"href":"https:\/\/dekkbi.com\/index.php?rest_route=%2Fwp%2Fv2%2Fmedia&parent=69478"}],"wp:term":[{"taxonomy":"category","embeddable":true,"href":"https:\/\/dekkbi.com\/index.php?rest_route=%2Fwp%2Fv2%2Fcategories&post=69478"},{"taxonomy":"post_tag","embeddable":true,"href":"https:\/\/dekkbi.com\/index.php?rest_route=%2Fwp%2Fv2%2Ftags&post=69478"}],"curies":[{"name":"wp","href":"https:\/\/api.w.org\/{rel}","templated":true}]}}