{"id":69450,"date":"2026-03-13T10:00:22","date_gmt":"2026-03-13T10:00:22","guid":{"rendered":"https:\/\/dekkbi.com\/?p=69450"},"modified":"2026-03-13T10:36:56","modified_gmt":"2026-03-13T10:36:56","slug":"acces-au-foncier-apix-et-la-giz-sallient-pour-un-guichet-unique-dedie-a-linvestissement","status":"publish","type":"post","link":"https:\/\/dekkbi.com\/?p=69450","title":{"rendered":"Acc\u00e8s au foncier : Apix et la Giz s\u2019allient pour un guichet unique d\u00e9di\u00e9 \u00e0 l\u2019investissement"},"content":{"rendered":"\n<p><strong>L\u2019Agence nationale charg\u00e9e de la promotion de l\u2019investissement et des grands travaux (Apix-Sa) et le bureau r\u00e9gional de la Deutsche Gesellschaft f\u00fcr Internationale Zusammenarbeit (Giz) pour le S\u00e9n\u00e9gal, la Guin\u00e9e, la Gambie, Cabo Verde et la Guin\u00e9e-Bissau ont sign\u00e9, jeudi 12 mars 2026, une convention de partenariat visant l\u2019\u00e9laboration d\u2019un cadre r\u00e9glementaire pour la mise en place d\u2019un guichet unique foncier destin\u00e9 \u00e0 l\u2019investissement.<\/strong><\/p>\n\n\n\n<p>Cet accord marque une \u00e9tape importante dans la concr\u00e9tisation d\u2019un projet destin\u00e9 \u00e0 faciliter l\u2019acc\u00e8s \u00e0 un foncier s\u00e9curis\u00e9 pour les investisseurs. Au S\u00e9n\u00e9gal, les difficult\u00e9s li\u00e9es \u00e0 l\u2019acc\u00e8s au foncier constituent en effet l\u2019un des principaux obstacles \u00e0 la r\u00e9alisation des projets d\u2019investissement.<\/p>\n\n\n\n<p>\u00c0 ce jour, seuls 6 % des terrains font l\u2019objet d\u2019une d\u00e9lib\u00e9ration formelle, tandis que les proc\u00e9dures longues et les d\u00e9lais souvent jug\u00e9s prohibitifs compliquent davantage les d\u00e9marches des porteurs de projets.<\/p>\n\n\n\n<p>\u00c0 travers cette initiative, l\u2019\u00c9tat du S\u00e9n\u00e9gal, via l\u2019Apix, entend apporter des solutions durables afin d\u2019am\u00e9liorer l\u2019environnement des affaires et de soutenir la dynamique d\u2019investissement. Le directeur g\u00e9n\u00e9ral de l\u2019Apix-SA, Bakary S\u00e9ga Bathily, estime que \u00ab le guichet unique pour l\u2019investissement est une r\u00e9ponse op\u00e9rationnelle \u00e0 cet imp\u00e9ratif \u00bb.<\/p>\n\n\n\n<p>Selon lui, ce dispositif constituera \u00ab l\u2019interface privil\u00e9gi\u00e9e entre les investisseurs et l\u2019administration \u00bb, en centralisant les d\u00e9marches fonci\u00e8res, en r\u00e9duisant les d\u00e9lais et en garantissant la tra\u00e7abilit\u00e9 ainsi que la transparence des proc\u00e9dures.<\/p>\n\n\n\n<p>Le projet b\u00e9n\u00e9ficie de l\u2019expertise de la coop\u00e9ration allemande, notamment \u00e0 travers le programme SEEN SUUF, dont l\u2019approche m\u00e9thodique et concert\u00e9e est salu\u00e9e par les acteurs impliqu\u00e9s. La convention d\u00e9finit par ailleurs le cadre de collaboration et les engagements des deux parties, mobilisant ressources financi\u00e8res, comp\u00e9tences techniques et l\u2019\u00e9cosyst\u00e8me national de l\u2019investissement autour du leadership de l\u2019APIX.<\/p>\n\n\n\n<p>S\u2019adressant \u00e0 ses partenaires, M. Bathily a soulign\u00e9 que \u00ab la question fonci\u00e8re ne peut \u00eatre r\u00e9solue par une seule institution \u00bb, plaidant pour \u00ab une d\u00e9marche collaborative et inclusive associant collectivit\u00e9s territoriales, services de l\u2019\u00c9tat, secteur priv\u00e9 et soci\u00e9t\u00e9 civile \u00bb.<\/p>\n\n\n\n<p>La signature s\u2019est d\u00e9roul\u00e9e en pr\u00e9sence de l\u2019ambassadeur d\u2019Allemagne au S\u00e9n\u00e9gal, Kai Baldow, qui s\u2019est f\u00e9licit\u00e9 du dynamisme de la coop\u00e9ration entre les deux pays, ainsi que de la directrice r\u00e9sidente de la Giz au S\u00e9n\u00e9gal, Katja Roeckel.<\/p>\n\n\n\n<p>Les deux institutions se sont engag\u00e9es \u00e0 mobiliser les ressources n\u00e9cessaires pour l\u2019op\u00e9rationnalisation du guichet unique foncier et \u00e0 assurer la vulgarisation du dispositif aupr\u00e8s des diff\u00e9rentes parties prenantes, avec l\u2019ambition d\u2019en faire un levier du d\u00e9veloppement \u00e9conomique et territorial du S\u00e9n\u00e9gal.<\/p>\n\n\n\n<p><strong>S. G<\/strong><\/p>\n","protected":false},"excerpt":{"rendered":"<p>L\u2019Agence nationale charg\u00e9e de la promotion de l\u2019investissement et des grands travaux (Apix-Sa) et le bureau r\u00e9gional de la Deutsche<\/p>\n","protected":false},"author":1,"featured_media":69467,"comment_status":"open","ping_status":"open","sticky":false,"template":"","format":"standard","meta":{"footnotes":""},"categories":[21],"tags":[],"class_list":["post-69450","post","type-post","status-publish","format-standard","has-post-thumbnail","hentry","category-societe"],"_links":{"self":[{"href":"https:\/\/dekkbi.com\/index.php?rest_route=\/wp\/v2\/posts\/69450","targetHints":{"allow":["GET"]}}],"collection":[{"href":"https:\/\/dekkbi.com\/index.php?rest_route=\/wp\/v2\/posts"}],"about":[{"href":"https:\/\/dekkbi.com\/index.php?rest_route=\/wp\/v2\/types\/post"}],"author":[{"embeddable":true,"href":"https:\/\/dekkbi.com\/index.php?rest_route=\/wp\/v2\/users\/1"}],"replies":[{"embeddable":true,"href":"https:\/\/dekkbi.com\/index.php?rest_route=%2Fwp%2Fv2%2Fcomments&post=69450"}],"version-history":[{"count":1,"href":"https:\/\/dekkbi.com\/index.php?rest_route=\/wp\/v2\/posts\/69450\/revisions"}],"predecessor-version":[{"id":69452,"href":"https:\/\/dekkbi.com\/index.php?rest_route=\/wp\/v2\/posts\/69450\/revisions\/69452"}],"wp:featuredmedia":[{"embeddable":true,"href":"https:\/\/dekkbi.com\/index.php?rest_route=\/wp\/v2\/media\/69467"}],"wp:attachment":[{"href":"https:\/\/dekkbi.com\/index.php?rest_route=%2Fwp%2Fv2%2Fmedia&parent=69450"}],"wp:term":[{"taxonomy":"category","embeddable":true,"href":"https:\/\/dekkbi.com\/index.php?rest_route=%2Fwp%2Fv2%2Fcategories&post=69450"},{"taxonomy":"post_tag","embeddable":true,"href":"https:\/\/dekkbi.com\/index.php?rest_route=%2Fwp%2Fv2%2Ftags&post=69450"}],"curies":[{"name":"wp","href":"https:\/\/api.w.org\/{rel}","templated":true}]}}