{"id":69447,"date":"2026-03-13T09:54:50","date_gmt":"2026-03-13T09:54:50","guid":{"rendered":"https:\/\/dekkbi.com\/?p=69447"},"modified":"2026-03-13T10:19:39","modified_gmt":"2026-03-13T10:19:39","slug":"durcissement-des-peines-contre-les-actes-contre-nature-and-samm-jikko-yi-se-felicite-de-ladoption-de-la-loi","status":"publish","type":"post","link":"https:\/\/dekkbi.com\/?p=69447","title":{"rendered":"Peines contre les actes contre-nature: \u00ab\u00a0And S\u00e0mm Jikko Yi\u00a0\u00bb se f\u00e9licite de l\u2019adoption de la loi"},"content":{"rendered":"\n<p><strong>En conf\u00e9rence de presse, hier, jeudi 12 mars, le mouvement \u00abAnd S\u00e0mm Jikko Yi\u00bb (Pr\u00e9servons nos valeurs) a exprim\u00e9 sa satisfaction suite au vote de la loi modifiant l\u2019article 319 alin\u00e9a 3 du Code p\u00e9nal relatif au durcissement des peines contre les actes contre nature<\/strong><\/p>\n\n\n\n<p>C\u2019est dans une atmosph\u00e8re de mobilisation et devant un public compos\u00e9 de sympathisants, de responsables religieux et de repr\u00e9sentants de la presse que le collectif \u00abAnd S\u00e0mm Jikko Yi\u00bb (Pr\u00e9servons nos valeurs) a livr\u00e9 sa premi\u00e8re r\u00e9action apr\u00e8s le vote de la loi modifiant les dispositions du Code p\u00e9nal relatives au durcissement des peines contre les actes contre-nature.<br>Le porte-parole du mouvement, Serigne Adama Mboup, a rappel\u00e9 que cette loi constitue l\u2019aboutissement d\u2019un processus entam\u00e9 depuis plusieurs ann\u00e9es par le collectif. Selon lui, le projet d\u00e9fendu par \u00abAnd S\u00e0mm Jikko Yi\u00bb depuis 2021 avait \u00e9t\u00e9 \u00e9labor\u00e9 avec l\u2019appui de juristes et d\u2019universitaires. \u00abNous remercions le gouvernement du S\u00e9n\u00e9gal de l\u2019avoir port\u00e9\u00bb, a d\u00e9clar\u00e9 M. Mboup.<\/p>\n\n\n\n<p>Pour le responsable du mouvement, l\u2019adoption de ce texte repr\u00e9sente un moment important dans l\u2019histoire politique et sociale du pays. \u00abC\u2019est hier que nous avons r\u00e9ellement senti la rupture et l\u2019ind\u00e9pendance. Nous avons aussi senti un v\u00e9ritable engouement de la part des d\u00e9put\u00e9s\u00bb, a-t-il ajout\u00e9. Au cours de cette rencontre, le collectif a longuement exprim\u00e9 sa reconnaissance envers les diff\u00e9rents acteurs qui ont contribu\u00e9 \u00e0 l\u2019aboutissement du projet. Le coordonnateur national du mouvement, l\u2019imam Babacar Sylla, a notamment adress\u00e9 des remerciements au peuple s\u00e9n\u00e9galais pour son adh\u00e9sion \u00e0 l\u2019initiative depuis son lancement.<\/p>\n\n\n\n<p>Il a \u00e9galement salu\u00e9 l\u2019engagement des khalifes g\u00e9n\u00e9raux et des autorit\u00e9s religieuses qui ont soutenu le projet tout au long du processus. Malgr\u00e9 la satisfaction affich\u00e9e, les responsables d\u2019 \u00abAnd S\u00e0mm Jikko Yi\u00bb ont insist\u00e9 sur le fait que l\u2019adoption de la loi ne marque pas la fin de leur mobilisation. \u00abNous avons gagn\u00e9 la bataille, mais pas la guerre. Les combats sont multiples et nous allons les poursuivre\u00bb, a affirm\u00e9 Serigne Adama Mboup. D\u2019apr\u00e8s lui, le collectif entend rester mobilis\u00e9 pour continuer \u00e0 d\u00e9fendre ce qu\u2019il consid\u00e8re comme les valeurs sociales et religieuses de la soci\u00e9t\u00e9 s\u00e9n\u00e9galaise.<\/p>\n\n\n\n<p>La pr\u00e9sidente d\u2019 \u00abAnd S\u00e0mm Jikko Yi\u00bb Femmes, Nd\u00e8ye Diop, a salu\u00e9 le contenu du texte adopt\u00e9. \u00abNous avons obtenu plus que ce que nous avions propos\u00e9\u00bb, a-t-elle d\u00e9clar\u00e9. Pour elle, l\u2019introduction de sanctions plus lourdes et de nouvelles dispositions d\u00e9montre que les autorit\u00e9s ont pris en compte les pr\u00e9occupations exprim\u00e9es par le mouvement et par une partie de la soci\u00e9t\u00e9. Apr\u00e8s plusieurs ann\u00e9es de plaidoyer et de mobilisation autour de la modification de l\u2019article 319 du Code p\u00e9nal, \u00abAnd S\u00e0mm Jikko Yi\u00bb estime avoir franchi une \u00e9tape d\u00e9cisive.<\/p>\n\n\n\n<p><strong>Amadou<\/strong>\u00a0K\u00c9B\u00c9<br>LESOLEIL<\/p>\n","protected":false},"excerpt":{"rendered":"<p>En conf\u00e9rence de presse, hier, jeudi 12 mars, le mouvement \u00abAnd S\u00e0mm Jikko Yi\u00bb (Pr\u00e9servons nos valeurs) a exprim\u00e9 sa<\/p>\n","protected":false},"author":1,"featured_media":69448,"comment_status":"open","ping_status":"open","sticky":false,"template":"","format":"standard","meta":{"footnotes":""},"categories":[21],"tags":[],"class_list":["post-69447","post","type-post","status-publish","format-standard","has-post-thumbnail","hentry","category-societe"],"_links":{"self":[{"href":"https:\/\/dekkbi.com\/index.php?rest_route=\/wp\/v2\/posts\/69447","targetHints":{"allow":["GET"]}}],"collection":[{"href":"https:\/\/dekkbi.com\/index.php?rest_route=\/wp\/v2\/posts"}],"about":[{"href":"https:\/\/dekkbi.com\/index.php?rest_route=\/wp\/v2\/types\/post"}],"author":[{"embeddable":true,"href":"https:\/\/dekkbi.com\/index.php?rest_route=\/wp\/v2\/users\/1"}],"replies":[{"embeddable":true,"href":"https:\/\/dekkbi.com\/index.php?rest_route=%2Fwp%2Fv2%2Fcomments&post=69447"}],"version-history":[{"count":2,"href":"https:\/\/dekkbi.com\/index.php?rest_route=\/wp\/v2\/posts\/69447\/revisions"}],"predecessor-version":[{"id":69461,"href":"https:\/\/dekkbi.com\/index.php?rest_route=\/wp\/v2\/posts\/69447\/revisions\/69461"}],"wp:featuredmedia":[{"embeddable":true,"href":"https:\/\/dekkbi.com\/index.php?rest_route=\/wp\/v2\/media\/69448"}],"wp:attachment":[{"href":"https:\/\/dekkbi.com\/index.php?rest_route=%2Fwp%2Fv2%2Fmedia&parent=69447"}],"wp:term":[{"taxonomy":"category","embeddable":true,"href":"https:\/\/dekkbi.com\/index.php?rest_route=%2Fwp%2Fv2%2Fcategories&post=69447"},{"taxonomy":"post_tag","embeddable":true,"href":"https:\/\/dekkbi.com\/index.php?rest_route=%2Fwp%2Fv2%2Ftags&post=69447"}],"curies":[{"name":"wp","href":"https:\/\/api.w.org\/{rel}","templated":true}]}}