{"id":69437,"date":"2026-03-13T09:36:29","date_gmt":"2026-03-13T09:36:29","guid":{"rendered":"https:\/\/dekkbi.com\/?p=69437"},"modified":"2026-03-13T09:36:30","modified_gmt":"2026-03-13T09:36:30","slug":"tensions-sociales-au-senegal-le-front-syndical-annonce-une-marche-le-8-avril","status":"publish","type":"post","link":"https:\/\/dekkbi.com\/?p=69437","title":{"rendered":"Tensions sociales au S\u00e9n\u00e9gal: Le Front syndical annonce une marche le 8 avril"},"content":{"rendered":"\n<p><strong>Le front social s\u2019embrase. Dans un communiqu\u00e9 muscl\u00e9 publi\u00e9 ce jeudi, le Front syndical pour la d\u00e9fense du travail a annonc\u00e9 l\u2019organisation d\u2019une grande marche nationale le 8 avril. Entre menaces de gr\u00e8ve g\u00e9n\u00e9rale et d\u00e9nonciation des ponctions salariales, le bras de fer avec le gouvernement franchit un nouveau palier.<\/strong><\/p>\n\n\n\n<p>Un front commun contre les \u00abinjustices\u00bb\u00a0? L\u2019exasp\u00e9ration a pris le pas sur le dialogue. En annon\u00e7ant cette mobilisation d\u2019envergure, le Front syndical entend d\u00e9noncer ce qu\u2019il qualifie d\u2019injustices persistantes \u00e0 l\u2019\u00e9gard des travailleurs s\u00e9n\u00e9galais. \u00abNous appelons l\u2019ensemble des travailleurs, des syndicats et toutes les forces sociales attach\u00e9es \u00e0 la justice sociale \u00e0 se mobiliser massivement\u00bb, pr\u00e9cise le communiqu\u00e9.<\/p>\n\n\n\n<p>Au-del\u00e0 de la marche du 8 avril, l\u2019organisation brandit une menace plus lourde : le d\u00e9clenchement d\u2019une gr\u00e8ve g\u00e9n\u00e9rale si ses revendications ne sont pas satisfaites dans les plus brefs d\u00e9lais. Le d\u00e9clencheur imm\u00e9diat de cette col\u00e8re r\u00e9side dans les bulletins de paie du mois de f\u00e9vrier. Le Front exige l\u2019arr\u00eat imm\u00e9diat et la restitution des \u00abponctions injustifi\u00e9es\u00bb op\u00e9r\u00e9es sur les salaires des enseignants ayant observ\u00e9 des mouvements de gr\u00e8ve. Pour les syndicalistes, ces pr\u00e9l\u00e8vements sont une entrave directe au droit de gr\u00e8ve et une pr\u00e9carisation inacceptable des agents de l\u2019Etat.<\/p>\n\n\n\n<p>Les revendications du Front ne s\u2019arr\u00eatent pas \u00e0 la seule question financi\u00e8re. Le communiqu\u00e9 liste plusieurs points de friction majeurs : l\u2019exigence d\u2019un dialogue \u00absinc\u00e8re\u00bb avec les organisations syndicales d\u2019enseignants, l\u2019application int\u00e9grale des engagements pris dans le cadre du Pacte national de stabilit\u00e9 sociale, la fin des licenciements jug\u00e9s abusifs et une protection effective des travailleurs.<\/p>\n\n\n\n<p><strong>L\u2019avertissement au gouvernement<\/strong><\/p>\n\n\n\n<p>Le ton de la d\u00e9claration ne laisse que peu de place \u00e0 l\u2019ambigu\u00eft\u00e9. En rappelant que \u00abla patience des travailleurs a des limites\u00bb, le Front syndical place le gouvernement face \u00e0 ses responsabilit\u00e9s. \u00abLes travailleurs ne resteront pas ind\u00e9finiment spectateurs de la d\u00e9gradation de leurs droits et de leurs conditions de vie\u00bb, pr\u00e9vient l\u2019organisation.<\/p>\n\n\n\n<p>Alors que l\u2019\u00e9ch\u00e9ance du 8 avril approche, les regards se tournent d\u00e9sormais vers les autorit\u00e9s. Le gouvernement choisira-t-il la voie de l\u2019apaisement par la n\u00e9gociation ou celle de la fermet\u00e9, au risque de voir le pays paralys\u00e9 par un mouvement social d\u2019ampleur nationale ?<\/p>\n\n\n\n<p><a href=\"https:\/\/www.facebook.com\/sharer.php?u=https:\/\/lequotidien.sn\/tensions-sociales-au-senegal-le-front-syndical-annonce-une-marche-le-8-avril\/\"><\/a><\/p>\n","protected":false},"excerpt":{"rendered":"<p>Le front social s\u2019embrase. Dans un communiqu\u00e9 muscl\u00e9 publi\u00e9 ce jeudi, le Front syndical pour la d\u00e9fense du travail a<\/p>\n","protected":false},"author":1,"featured_media":69438,"comment_status":"open","ping_status":"open","sticky":false,"template":"","format":"standard","meta":{"footnotes":""},"categories":[26],"tags":[],"class_list":["post-69437","post","type-post","status-publish","format-standard","has-post-thumbnail","hentry","category-fait-divers"],"_links":{"self":[{"href":"https:\/\/dekkbi.com\/index.php?rest_route=\/wp\/v2\/posts\/69437","targetHints":{"allow":["GET"]}}],"collection":[{"href":"https:\/\/dekkbi.com\/index.php?rest_route=\/wp\/v2\/posts"}],"about":[{"href":"https:\/\/dekkbi.com\/index.php?rest_route=\/wp\/v2\/types\/post"}],"author":[{"embeddable":true,"href":"https:\/\/dekkbi.com\/index.php?rest_route=\/wp\/v2\/users\/1"}],"replies":[{"embeddable":true,"href":"https:\/\/dekkbi.com\/index.php?rest_route=%2Fwp%2Fv2%2Fcomments&post=69437"}],"version-history":[{"count":1,"href":"https:\/\/dekkbi.com\/index.php?rest_route=\/wp\/v2\/posts\/69437\/revisions"}],"predecessor-version":[{"id":69439,"href":"https:\/\/dekkbi.com\/index.php?rest_route=\/wp\/v2\/posts\/69437\/revisions\/69439"}],"wp:featuredmedia":[{"embeddable":true,"href":"https:\/\/dekkbi.com\/index.php?rest_route=\/wp\/v2\/media\/69438"}],"wp:attachment":[{"href":"https:\/\/dekkbi.com\/index.php?rest_route=%2Fwp%2Fv2%2Fmedia&parent=69437"}],"wp:term":[{"taxonomy":"category","embeddable":true,"href":"https:\/\/dekkbi.com\/index.php?rest_route=%2Fwp%2Fv2%2Fcategories&post=69437"},{"taxonomy":"post_tag","embeddable":true,"href":"https:\/\/dekkbi.com\/index.php?rest_route=%2Fwp%2Fv2%2Ftags&post=69437"}],"curies":[{"name":"wp","href":"https:\/\/api.w.org\/{rel}","templated":true}]}}