{"id":69429,"date":"2026-03-13T09:23:10","date_gmt":"2026-03-13T09:23:10","guid":{"rendered":"https:\/\/dekkbi.com\/?p=69429"},"modified":"2026-03-13T09:23:30","modified_gmt":"2026-03-13T09:23:30","slug":"cooperation-parlementaire-malick-ndiaye-recoit-une-delegation-de-parlementaires-marocains","status":"publish","type":"post","link":"https:\/\/dekkbi.com\/?p=69429","title":{"rendered":"Coop\u00e9ration parlementaire : Malick Ndiaye re\u00e7oit une d\u00e9l\u00e9gation de parlementaires marocains"},"content":{"rendered":"\n<p><strong>Le pr\u00e9sident de l\u2019Assembl\u00e9e nationale du S\u00e9n\u00e9gal,&nbsp;Malick Ndiaye, a accord\u00e9 une audience, ce jeudi 12 mars, \u00e0 une d\u00e9l\u00e9gation de parlementaires du&nbsp;Maroc. La mission \u00e9tait accompagn\u00e9e de l\u2019ambassadeur du Royaume ch\u00e9rifien au&nbsp;S\u00e9n\u00e9gal,&nbsp;Hassan Naciri.<\/strong><\/p>\n\n\n\n<p>Au cours de cette rencontre, les discussions ont port\u00e9 sur les relations s\u00e9culaires qui unissent le S\u00e9n\u00e9gal et le Maroc. Les deux parties ont mis en avant la profondeur des liens historiques, culturels et religieux entre les deux nations, des relations consid\u00e9r\u00e9es comme un pilier essentiel du partenariat entre les deux peuples.<\/p>\n\n\n\n<p>Le pr\u00e9sident de l\u2019Assembl\u00e9e nationale, Malick Ndiaye, a notamment salu\u00e9 l\u2019excellence de la coop\u00e9ration entre Dakar et Rabat, particuli\u00e8rement dans les domaines culturel, religieux et politique. Il a soulign\u00e9 que ces relations privil\u00e9gi\u00e9es constituent un socle solide pour le renforcement continu de la coop\u00e9ration bilat\u00e9rale.<\/p>\n\n\n\n<p>Cette audience a \u00e9galement \u00e9t\u00e9 l\u2019occasion pour les deux parties de r\u00e9affirmer leur volont\u00e9 commune de consolider davantage les liens d\u2019amiti\u00e9 et de collaboration entre le S\u00e9n\u00e9gal et le Maroc.<\/p>\n\n\n\n<p>La rencontre s\u2019inscrit dans la dynamique de consolidation des relations historiques entre les deux pays, marqu\u00e9es par une coop\u00e9ration soutenue et une convergence de vues sur plusieurs enjeux d\u2019int\u00e9r\u00eat commun.<\/p>\n\n\n\n<p>OG<\/p>\n\n\n\n<ul class=\"wp-block-list\">\n<li><a href=\"http:\/\/www.facebook.com\/sharer.php?u=https%3A%2F%2Fwww.sudquotidien.sn%2Fcooperation-parlementaire-malick-ndiaye-recoit-une-delegation-de-parlementaires-marocains%2F\"><\/a><\/li>\n<\/ul>\n","protected":false},"excerpt":{"rendered":"<p>Le pr\u00e9sident de l\u2019Assembl\u00e9e nationale du S\u00e9n\u00e9gal,&nbsp;Malick Ndiaye, a accord\u00e9 une audience, ce jeudi 12 mars, \u00e0 une d\u00e9l\u00e9gation de<\/p>\n","protected":false},"author":1,"featured_media":69430,"comment_status":"open","ping_status":"open","sticky":false,"template":"","format":"standard","meta":{"footnotes":""},"categories":[6],"tags":[],"class_list":["post-69429","post","type-post","status-publish","format-standard","has-post-thumbnail","hentry","category-politics"],"_links":{"self":[{"href":"https:\/\/dekkbi.com\/index.php?rest_route=\/wp\/v2\/posts\/69429","targetHints":{"allow":["GET"]}}],"collection":[{"href":"https:\/\/dekkbi.com\/index.php?rest_route=\/wp\/v2\/posts"}],"about":[{"href":"https:\/\/dekkbi.com\/index.php?rest_route=\/wp\/v2\/types\/post"}],"author":[{"embeddable":true,"href":"https:\/\/dekkbi.com\/index.php?rest_route=\/wp\/v2\/users\/1"}],"replies":[{"embeddable":true,"href":"https:\/\/dekkbi.com\/index.php?rest_route=%2Fwp%2Fv2%2Fcomments&post=69429"}],"version-history":[{"count":1,"href":"https:\/\/dekkbi.com\/index.php?rest_route=\/wp\/v2\/posts\/69429\/revisions"}],"predecessor-version":[{"id":69431,"href":"https:\/\/dekkbi.com\/index.php?rest_route=\/wp\/v2\/posts\/69429\/revisions\/69431"}],"wp:featuredmedia":[{"embeddable":true,"href":"https:\/\/dekkbi.com\/index.php?rest_route=\/wp\/v2\/media\/69430"}],"wp:attachment":[{"href":"https:\/\/dekkbi.com\/index.php?rest_route=%2Fwp%2Fv2%2Fmedia&parent=69429"}],"wp:term":[{"taxonomy":"category","embeddable":true,"href":"https:\/\/dekkbi.com\/index.php?rest_route=%2Fwp%2Fv2%2Fcategories&post=69429"},{"taxonomy":"post_tag","embeddable":true,"href":"https:\/\/dekkbi.com\/index.php?rest_route=%2Fwp%2Fv2%2Ftags&post=69429"}],"curies":[{"name":"wp","href":"https:\/\/api.w.org\/{rel}","templated":true}]}}