{"id":69427,"date":"2026-03-13T09:19:40","date_gmt":"2026-03-13T09:19:40","guid":{"rendered":"https:\/\/dekkbi.com\/?p=69427"},"modified":"2026-03-13T09:50:29","modified_gmt":"2026-03-13T09:50:29","slug":"ansd-duree-de-vie-des-entreprises-les-societes-kleenex-du-senegal","status":"publish","type":"post","link":"https:\/\/dekkbi.com\/?p=69427","title":{"rendered":"Agence nationale de la statistique et de la d\u00e9mographie (ANSD) \u2013 Dur\u00e9e de vie des entreprises : Les \u00absoci\u00e9t\u00e9s kleenex\u00bb du S\u00e9n\u00e9gal"},"content":{"rendered":"\n<p><strong>Par Abdou Latif Mohamed\u00a0MANSARAY \u2013\u00a0<\/strong>Les r\u00e9sultats de la toute premi\u00e8re Enqu\u00eate nationale sur la d\u00e9mographie des entreprises du S\u00e9n\u00e9gal (Endes 2026), restitu\u00e9s ce jeudi par l\u2019Agence nationale de la statistique et de la d\u00e9mographie (Ansd), dressent un constat lucide sur la vitalit\u00e9 et la fragilit\u00e9 du tissu \u00e9conomique national. Si entreprendre reste une dynamique forte, la p\u00e9rennit\u00e9 des jeunes pousses demeure un combat de haute lutte : pr\u00e8s d\u2019une entreprise sur deux dispara\u00eet avant son cinqui\u00e8me anniversaire. C\u2019est un taux de survie alarmant\u00a0!<\/p>\n\n\n\n<p>Cette op\u00e9ration statistique d\u2019envergure, r\u00e9alis\u00e9e par l\u2019Ansd sur l\u2019ensemble du territoire national du 10 mars au 10 juillet 2025, r\u00e9v\u00e8le une r\u00e9alit\u00e9 structurelle pr\u00e9occupante. Si le d\u00e9marrage est encourageant -86, 6% des unit\u00e9s franchissent le cap de la premi\u00e8re ann\u00e9e-, l\u2019\u00e9lan s\u2019essouffle rapidement. Le taux de survie chute drastiquement \u00e0 53, 8% apr\u00e8s cinq ans d\u2019existence. Paradoxale\u00adment, l\u2019enqu\u00eate souligne une vuln\u00e9rabilit\u00e9 accrue chez les soci\u00e9t\u00e9s (personnes morales) dont le taux de survie \u00e0 5 ans n\u2019est que de 47, 3%, contre 55, 1% pour les entrepreneurs individuels. Ce foss\u00e9 interroge, d\u2019autant que le chiffre d\u2019affaires m\u00e9dian au d\u00e9marrage d\u2019une soci\u00e9t\u00e9 (5 002 500 F Cfa) est pr\u00e8s de quatre fois sup\u00e9rieur \u00e0 celui d\u2019un entrepreneur individuel (1 357 550 F).<\/p>\n\n\n\n<p><strong>Le financement et l\u2019h\u00e9ritage du Covid-19 en ligne de mire<\/strong><\/p>\n\n\n\n<p>Pourquoi tant de fermetures ? Le rapport identifie deux raisons majeures : le d\u00e9ficit d\u2019acc\u00e8s au financement. Cit\u00e9e dans 32, 5% des cas, c\u2019est la premi\u00e8re cause de cessation d\u2019activit\u00e9. Sans oxyg\u00e8ne financier, les structures, m\u00eame prometteuses, s\u2019asphyxient. Et l\u2019impact de la pand\u00e9mie du Covid-19 : la crise sanitaire de 2020 continue de hanter l\u2019\u00e9conomie, \u00e9tant responsable de 27, 1% des fermetures sur la p\u00e9riode \u00e9tudi\u00e9e. Les autres motifs tels que les fusions, absorptions ou dissolutions volontaires restent, quant \u00e0 eux, marginaux dans le paysage s\u00e9n\u00e9galais.<\/p>\n\n\n\n<p>Financ\u00e9e par la Banque mondiale, cette enqu\u00eate est salu\u00e9e par les acteurs institutionnels comme un \u00abinstrument de pilotage\u00bb sans pr\u00e9c\u00e9dent. Abdou Diouf, Directeur g\u00e9n\u00e9ral de l\u2019Ansd, a soulign\u00e9 que cette d\u00e9mographie est un indicateur essentiel de la capacit\u00e9 d\u2019innovation et de r\u00e9silience du pays face aux chocs. \u00abCette d\u00e9mographie des entreprises est un indicateur essentiel pour une compr\u00e9hension de la vitalit\u00e9 de notre tissu de production \u00e9conomique, en ce sens qu\u2019il nous renseigne sur notre capacit\u00e9 entrepreneuriale, notre capacit\u00e9 \u00e9galement \u00e0 la cr\u00e9ation d\u2019emploi, sur les innovations qui sont mises en \u0153uvre ou qui sont en cours au niveau national\u00bb, a-t-il dit. Selon lui, \u00abcette enqu\u00eate permet de guider les structures institutionnelles de l\u2019Etat, de renforcer la gouvernance de l\u2019entrepreneuriat et d\u2019apporter un appui cons\u00e9quent \u00e0 tous les entrepreneurs au niveau national\u00bb. Il poursuit\u00a0: \u00abCette enqu\u00eate \u00e9claire la dynamique entrepreneuriale, la capacit\u00e9 d\u2019innovation et la cr\u00e9ation d\u2019emploi, ainsi que la r\u00e9silience de notre \u00e9conomie face aux chocs.\u00bb Surtout qu\u2019avant la r\u00e9alisation de cette enqu\u00eate, le S\u00e9n\u00e9gal ne disposait que de \u00abdonn\u00e9es partielles, fragment\u00e9es\u00bb.<\/p>\n\n\n\n<p>Pour Bakary S\u00e9ga Bathily, Dg de l\u2019Apix, ces donn\u00e9es permettront d\u2019orienter plus efficacement les r\u00e9formes du climat des affaires. De son c\u00f4t\u00e9, Ibra Mba\u00adye, repr\u00e9sentant de l\u2019Adepme, estime que ces statistiques constituent d\u00e9sormais un \u00abbarom\u00e8tre\u00bb pour affiner l\u2019accompagnement des Pme, l\u2019information \u00e9tant devenue un v\u00e9ritable \u00abfacteur de production\u00bb.<\/p>\n\n\n\n<p><strong>L\u2019enjeu de l\u2019apr\u00e8s-cr\u00e9ation<\/strong><\/p>\n\n\n\n<p>Au S\u00e9n\u00e9gal, 96, 4% des entreprises partent de z\u00e9ro (cr\u00e9ation ex nihilo). Si l\u2019esprit entrepreneurial est bien pr\u00e9sent, le d\u00e9fi pour l\u2019Etat et ses partenaires n\u2019est plus seulement d\u2019inciter \u00e0 la cr\u00e9ation, mais de s\u00e9curiser le cycle de vie des entreprises. L\u2019am\u00e9lioration des m\u00e9canismes de financement et l\u2019accompagnement post-cr\u00e9ation apparaissent comme des chantiers prioritaires.<\/p>\n\n\n\n<p><strong>latifmansray@lequotidien.sn<\/strong><\/p>\n\n\n\n<p><a href=\"https:\/\/www.facebook.com\/sharer.php?u=https:\/\/lequotidien.sn\/ansd-duree-de-vie-des-entreprises-les-societes-kleenex-du-senegal\/\"><\/a><\/p>\n","protected":false},"excerpt":{"rendered":"<p>Par Abdou Latif Mohamed\u00a0MANSARAY \u2013\u00a0Les r\u00e9sultats de la toute premi\u00e8re Enqu\u00eate nationale sur la d\u00e9mographie des entreprises du S\u00e9n\u00e9gal (Endes<\/p>\n","protected":false},"author":1,"featured_media":5660,"comment_status":"open","ping_status":"open","sticky":false,"template":"","format":"standard","meta":{"footnotes":""},"categories":[3],"tags":[],"class_list":["post-69427","post","type-post","status-publish","format-standard","has-post-thumbnail","hentry","category-event-more-news"],"_links":{"self":[{"href":"https:\/\/dekkbi.com\/index.php?rest_route=\/wp\/v2\/posts\/69427","targetHints":{"allow":["GET"]}}],"collection":[{"href":"https:\/\/dekkbi.com\/index.php?rest_route=\/wp\/v2\/posts"}],"about":[{"href":"https:\/\/dekkbi.com\/index.php?rest_route=\/wp\/v2\/types\/post"}],"author":[{"embeddable":true,"href":"https:\/\/dekkbi.com\/index.php?rest_route=\/wp\/v2\/users\/1"}],"replies":[{"embeddable":true,"href":"https:\/\/dekkbi.com\/index.php?rest_route=%2Fwp%2Fv2%2Fcomments&post=69427"}],"version-history":[{"count":2,"href":"https:\/\/dekkbi.com\/index.php?rest_route=\/wp\/v2\/posts\/69427\/revisions"}],"predecessor-version":[{"id":69446,"href":"https:\/\/dekkbi.com\/index.php?rest_route=\/wp\/v2\/posts\/69427\/revisions\/69446"}],"wp:featuredmedia":[{"embeddable":true,"href":"https:\/\/dekkbi.com\/index.php?rest_route=\/wp\/v2\/media\/5660"}],"wp:attachment":[{"href":"https:\/\/dekkbi.com\/index.php?rest_route=%2Fwp%2Fv2%2Fmedia&parent=69427"}],"wp:term":[{"taxonomy":"category","embeddable":true,"href":"https:\/\/dekkbi.com\/index.php?rest_route=%2Fwp%2Fv2%2Fcategories&post=69427"},{"taxonomy":"post_tag","embeddable":true,"href":"https:\/\/dekkbi.com\/index.php?rest_route=%2Fwp%2Fv2%2Ftags&post=69427"}],"curies":[{"name":"wp","href":"https:\/\/api.w.org\/{rel}","templated":true}]}}