{"id":69400,"date":"2026-03-12T12:06:51","date_gmt":"2026-03-12T12:06:51","guid":{"rendered":"https:\/\/dekkbi.com\/?p=69400"},"modified":"2026-03-12T12:06:51","modified_gmt":"2026-03-12T12:06:51","slug":"de-plus-en-plus-de-frappes-et-de-plus-en-plus-de-victimes-la-paix-dans-lest-de-la-rd-congo-hors-de-portee","status":"publish","type":"post","link":"https:\/\/dekkbi.com\/?p=69400","title":{"rendered":"\u00ab\u00a0De plus en plus de frappes et de plus en plus de victimes\u00a0\u00bb: la paix dans l&rsquo;est de la RD Congo hors de port\u00e9e?"},"content":{"rendered":"\n<p>La ville de Goma a \u00e9t\u00e9 la cible d&rsquo;une attaque de drones avant l&rsquo;aube dans la nuit de ce mardi 10 au mercredi 11 mars. Au moins trois civils ont \u00e9t\u00e9 tu\u00e9s, dont une humanitaire fran\u00e7aise de l&rsquo;Unicef.&nbsp;Malgr\u00e9 la multiplication des initiatives diplomatiques et la signature d&rsquo;un accord de paix entre Kinshasa et Kigali en 2025, la stabilisation de l\u2019est de la R\u00e9publique d\u00e9mocratique du Congo (RD Congo) demeure incertaine.&nbsp;D\u00e9cryptage avec&nbsp;Christophe Ch\u00e2telot de la r\u00e9daction&nbsp;<em>Le Monde Afrique<\/em>.<\/p>\n\n\n\n<p>La guerre \u00e0 l\u2019est de la\u00a0R\u00e9publique d\u00e9mocratique du Congo est actuellement marqu\u00e9e par l&rsquo;utilisation croissante de drones. Cette technologie, qui transforme la nature des batailles, soul\u00e8ve des questions sur l&rsquo;avenir de la paix dans la r\u00e9gion. Depuis l&rsquo;ann\u00e9e derni\u00e8re, l&rsquo;utilisation des drones par les forces en pr\u00e9sence en RD Congo a consid\u00e9rablement augment\u00e9. Ce changement strat\u00e9gique marque une transition d&rsquo;une guerre d&rsquo;infanterie traditionnelle \u00e0 une guerre technologique.<\/p>\n\n\n\n<h2 class=\"wp-block-heading\"><em>\u00ab\u00a0Chacun essayent de prendre l\u2019avantage sur un plan technologique\u00a0\u00bb<\/em><\/h2>\n\n\n\n<p>Les drones, encore marginaux il y a quelques ann\u00e9es dans les conflits africains, sont d\u00e9sormais utilis\u00e9s\u00a0dans les affrontements autour de Goma et dans les zones contr\u00f4l\u00e9es par le M23.\u00a0L&rsquo;arm\u00e9e congolaise, tout comme les membres du M23, a int\u00e9gr\u00e9 ces appareils dans ses op\u00e9rations.\u00a0<em>\u201cOn a constat\u00e9 tout le long de l\u2019ann\u00e9e 2025 et en ce d\u00e9but d\u2019ann\u00e9e 2026 que les bellig\u00e9rants utilisent davantage les drones. Il y a des changements de strat\u00e9gies. Auparavant c\u2019\u00e9tait surtout des batailles d\u2019infanteries en terrain tr\u00e8s difficiles et d\u00e9sormais chacun essayent de prendre l\u2019avantage sur un plan technologique\u00a0\u00bb,<\/em>\u00a0explique sur TV5MONDE Christophe Ch\u00e2telot de la r\u00e9daction\u00a0<em>Le Monde Afrique.<\/em><\/p>\n\n\n\n<p>Le 11 mars 2026, plusieurs frappes de drones ont touch\u00e9 la ville de Goma, capitale du Nord-Kivu. L&rsquo;une d\u2019elles a frapp\u00e9 un b\u00e2timent utilis\u00e9 par l\u2019UNICEF, provoquant la mort d\u2019au moins trois personnes, dont une employ\u00e9e humanitaire fran\u00e7aise. Les membres du M23 ont accus\u00e9 l\u2019arm\u00e9e congolaise d\u2019avoir men\u00e9 l\u2019attaque, tandis que Kinshasa a promis une enqu\u00eate. Ces attaques marquent une nouvelle \u00e9tape dans la militarisation du conflit.&nbsp;<\/p>\n\n\n\n<p><em>\u00ab\u00a0On savait que les forces arm\u00e9es de la R\u00e9publique d\u00e9mocratique du Congo utilisaient des drones et les rapports de l\u2019ONU confirment que les troupes rwandaises ont fait entrer des \u00e9quipements de brouillage, des batteries de missiles sol-air qui avaient neutralis\u00e9 des drones et des h\u00e9licopt\u00e8res. D&rsquo;ailleurs, l\u2019ONU s\u2019en \u00e9tait plaint car ces appareils de brouillages perturbaient le vol des avions humanitaires\u00a0\u00bb,<\/em>\u00a0pr\u00e9cise Christophe Ch\u00e2telot<\/p>\n\n\n\n<p><em>\u00ab\u00a0Lors d&rsquo;une offensive au mois de d\u00e9cembre 2025, des \u00e9l\u00e9ments d\u00e9montrent que le M23 disposaient \u00e9galement de drones. Pour le mouvement arm\u00e9, il s&rsquo;agit plut\u00f4t de drones kamikazes alors que l\u2019arm\u00e9e congolaise a des \u00e9quipements un peu plus sophistiqu\u00e9s qui sont pour la plupart bas\u00e9s \u00e0 Kisangani\u00a0\u00bb,<\/em>&nbsp;souligne Christophe Ch\u00e2telot.<\/p>\n\n\n\n<h2 class=\"wp-block-heading\">Une paix encore lointaine<\/h2>\n\n\n\n<p>Malgr\u00e9 les accords et les m\u00e9diations internationales, les violences persistent. Sign\u00e9 \u00e0 Washington en juin 2025, l\u2019accord entre la RD Congo et le Rwanda devait mettre fin aux hostilit\u00e9s et instaurer un m\u00e9canisme de s\u00e9curit\u00e9 conjoint. Le texte pr\u00e9voyait notamment le retrait des troupes rwandaises du territoire congolais et la fin du soutien aux groupes arm\u00e9s actifs dans les provinces du Nord-Kivu et du Sud-Kivu.&nbsp;<\/p>\n\n\n\n<p>Mais sur le terrain, les combats continuent, aliment\u00e9s par l\u2019activit\u00e9 du M23, que Kinshasa et plusieurs partenaires internationaux accusent d\u2019\u00eatre soutenue par Kigali.&nbsp;<em>\u00ab\u00a0Les batailles changent de nature, les \u00e9quipements changent de nature donc nous verrons jusqu&rsquo;o\u00f9 cela va aller [&#8230;] Le fait est qu\u2019il y a de plus en plus de frappes et de plus en plus de victimes\u00a0\u00bb,&nbsp;<\/em>indique Christophe Ch\u00e2telot.<\/p>\n\n\n\n<p>Malgr\u00e9 des efforts diplomatiques \u00e0 Washington et Doha, les cessez-le-feu sign\u00e9s n&rsquo;ont pas \u00e9t\u00e9 respect\u00e9s. Un exemple frappant est l&rsquo;accord sign\u00e9 \u00e0 Washington a \u00e9t\u00e9 rapidement viol\u00e9 par la prise de la ville d&rsquo;Uvira par les forces rebelles et rwandaises. Cette situation interroge sur la volont\u00e9 r\u00e9elle de paix de la part des bellig\u00e9rants.<\/p>\n\n\n\n<h2 class=\"wp-block-heading\">Les sanctions am\u00e9ricaines contre l\u2019arm\u00e9e rwandaise<\/h2>\n\n\n\n<p>Dans ce contexte, la pression internationale s\u2019est accentu\u00e9e. Le 2 mars 2026, les \u00c9tats-Unis ont annonc\u00e9 des sanctions visant directement les Forces de d\u00e9fense rwandaises et plusieurs de leurs hauts responsables, accus\u00e9s de soutenir le M23. Ces mesures restreignent les transactions financi\u00e8res et commerciales avec l\u2019arm\u00e9e rwandaise et ses dirigeants.<\/p>\n\n\n\n<p>Washington estime que ce soutien a contribu\u00e9 \u00e0 prolonger le conflit et \u00e0 aggraver les souffrances des populations civiles dans l\u2019est de la RDC. Les autorit\u00e9s congolaises ont salu\u00e9 cette d\u00e9cision, la pr\u00e9sentant comme une reconnaissance du r\u00f4le jou\u00e9 par Kigali dans la crise.&nbsp;<\/p>\n\n\n\n<p>Le Rwanda, de son c\u00f4t\u00e9, rejette ces accusations et juge les sanctions \u00ab\u00a0injustes et unilat\u00e9rales\u00a0\u00bb, affirmant agir pour prot\u00e9ger les communaut\u00e9s tutsies congolaises face \u00e0 certains groupes arm\u00e9s hostiles.\u00a0<a href=\"https:\/\/information.tv5monde.com\/terriennes\/quel-sort-attend-les-footballeuses-iraniennes-apres-la-coupe-dasie-en-australie-2813207\"><\/a><\/p>\n\n\n\n<p><a href=\"https:\/\/information.tv5monde.com\/terriennes\/pourquoi-tas-pas-denfants-entre-injonction-et-renoncement-enora-malagre-en-quete-de-reponses-et-de-resilience-2809923\"><\/a><\/p>\n\n\n\n<h3 class=\"wp-block-heading\"><a href=\"https:\/\/information.tv5monde.com\/international\/menus-chamboules-services-limites-en-inde-la-guerre-au-moyen-orient-sinvite-dans-les-restaurants-2813285\"><\/a><\/h3>\n","protected":false},"excerpt":{"rendered":"<p>La ville de Goma a \u00e9t\u00e9 la cible d&rsquo;une attaque de drones avant l&rsquo;aube dans la nuit de ce mardi<\/p>\n","protected":false},"author":1,"featured_media":69402,"comment_status":"open","ping_status":"open","sticky":false,"template":"","format":"standard","meta":{"footnotes":""},"categories":[51],"tags":[],"class_list":["post-69400","post","type-post","status-publish","format-standard","has-post-thumbnail","hentry","category-general"],"_links":{"self":[{"href":"https:\/\/dekkbi.com\/index.php?rest_route=\/wp\/v2\/posts\/69400","targetHints":{"allow":["GET"]}}],"collection":[{"href":"https:\/\/dekkbi.com\/index.php?rest_route=\/wp\/v2\/posts"}],"about":[{"href":"https:\/\/dekkbi.com\/index.php?rest_route=\/wp\/v2\/types\/post"}],"author":[{"embeddable":true,"href":"https:\/\/dekkbi.com\/index.php?rest_route=\/wp\/v2\/users\/1"}],"replies":[{"embeddable":true,"href":"https:\/\/dekkbi.com\/index.php?rest_route=%2Fwp%2Fv2%2Fcomments&post=69400"}],"version-history":[{"count":1,"href":"https:\/\/dekkbi.com\/index.php?rest_route=\/wp\/v2\/posts\/69400\/revisions"}],"predecessor-version":[{"id":69403,"href":"https:\/\/dekkbi.com\/index.php?rest_route=\/wp\/v2\/posts\/69400\/revisions\/69403"}],"wp:featuredmedia":[{"embeddable":true,"href":"https:\/\/dekkbi.com\/index.php?rest_route=\/wp\/v2\/media\/69402"}],"wp:attachment":[{"href":"https:\/\/dekkbi.com\/index.php?rest_route=%2Fwp%2Fv2%2Fmedia&parent=69400"}],"wp:term":[{"taxonomy":"category","embeddable":true,"href":"https:\/\/dekkbi.com\/index.php?rest_route=%2Fwp%2Fv2%2Fcategories&post=69400"},{"taxonomy":"post_tag","embeddable":true,"href":"https:\/\/dekkbi.com\/index.php?rest_route=%2Fwp%2Fv2%2Ftags&post=69400"}],"curies":[{"name":"wp","href":"https:\/\/api.w.org\/{rel}","templated":true}]}}