{"id":69382,"date":"2026-03-12T11:12:33","date_gmt":"2026-03-12T11:12:33","guid":{"rendered":"https:\/\/dekkbi.com\/?p=69382"},"modified":"2026-03-12T11:16:09","modified_gmt":"2026-03-12T11:16:09","slug":"afroatlantiqa-et-les-pays-reliants-faire-de-nos-memoires-un-avenir-commun","status":"publish","type":"post","link":"https:\/\/dekkbi.com\/?p=69382","title":{"rendered":"AfroAtlantiqa et les pays reliants : faire de nos m\u00e9moires un avenir commun"},"content":{"rendered":"\n<p>Par-del\u00e0 les continents et les si\u00e8cles, une m\u00eame histoire relie l\u2019Afrique, l\u2019Europe et les Am\u00e9riques : celle des circulations humaines, culturelles, spirituelles et symboliques qui ont fa\u00e7onn\u00e9 le monde atlantique. Routes de commerce et de savoirs, routes de douleur et de r\u00e9sistance, routes de cr\u00e9ation et de m\u00e9tissage : l\u2019Atlantique n\u2019est pas seulement un espace g\u00e9ographique. Il est l\u2019une des matrices de notre modernit\u00e9.<\/p>\n\n\n\n<p>C\u2019est de cette conviction qu\u2019est n\u00e9e l\u2019initiative AfroAtlantiqa, plateforme culturelle, intellectuelle et spirituelle transatlantique qui place l\u2019Afrique au c\u0153ur d\u2019un r\u00e9cit mondial renouvel\u00e9. Son ambition est simple et profonde : transformer des m\u00e9moires longtemps fragment\u00e9es ou conflictuelles en biens communs vivants, porteurs de dialogue, de cr\u00e9ation, de d\u00e9veloppement et de compr\u00e9hension spirituelle.<\/p>\n\n\n\n<p>Notre histoire humaine est une histoire de migrations. Les mondes atlantiques concentrent cette m\u00e9moire partag\u00e9e : Afrique de d\u00e9part, Am\u00e9riques de r\u00e9invention, Europe de m\u00e9diation et parfois de domination. Trop souvent, ces histoires ont \u00e9t\u00e9 racont\u00e9es s\u00e9par\u00e9ment, voire oppos\u00e9es.<\/p>\n\n\n\n<p>AfroAtlantiqa propose une autre voie : relier plut\u00f4t que diviser, faire circuler plut\u00f4t que figer, cr\u00e9er plut\u00f4t que seulement comm\u00e9morer. Il ne s\u2019agit ni d\u2019effacer les blessures ni de nier les responsabilit\u00e9s historiques, mais de produire un r\u00e9cit mature, apais\u00e9 et tourn\u00e9 vers l\u2019avenir. La m\u00e9moire vit dans les archives, dans les gestes, les sons, les cuisines, les c\u00e9r\u00e9monies et les croyances qui ont accompagn\u00e9 les migrations et les diasporas.<\/p>\n\n\n\n<p>Pour donner corps \u00e0 cette vision, AfroAtlantiqa s\u2019organise autour de plusieurs champs d\u2019action. Les arts et les patrimoines africains en circulation, d\u2019abord, \u00e0 travers des expositions itin\u00e9rantes, des collections partag\u00e9es et des sc\u00e9nographies modulaires capables de voyager d\u2019un continent \u00e0 l\u2019autre. La musique afro-atlantique ensuite, du chant de r\u00e9sistance aux cr\u00e9ations urbaines contemporaines, port\u00e9e par des r\u00e9sidences crois\u00e9es et des festivals transatlantiques. La gastronomie \u00e9galement, v\u00e9ritable archive vivante des circulations humaines, \u00e0 travers des laboratoires culinaires et des rencontres entre cuisines africaines, cr\u00e9oles et diasporiques. Enfin, les savoirs, les m\u00e9moires et les spiritualit\u00e9s, gr\u00e2ce \u00e0 des plateformes num\u00e9riques ouvertes, des programmes p\u00e9dagogiques et la valorisation des traditions orales.<\/p>\n\n\n\n<p>Ces initiatives participent d\u2019une v\u00e9ritable g\u00e9opolitique culturelle du lien.<\/p>\n\n\n\n<p>Car derri\u00e8re AfroAtlantiqa se trouve aussi une id\u00e9e plus large : celle des pays reliants.<\/p>\n\n\n\n<p>Les pays reliants ne dominent pas, mais ils relient. Ils ne dictent pas l\u2019ordre du monde, mais contribuent \u00e0 le rendre habitable. Leur force r\u00e9side dans leur cr\u00e9dibilit\u00e9, leur constance et leur capacit\u00e9 \u00e0 articuler des univers diff\u00e9rents. Souvent situ\u00e9s \u00e0 des carrefours historiques \u2014 maritimes, culturels, linguistiques ou spirituels \u2014, leur diplomatie repose moins sur l\u2019alignement que sur la relation.<\/p>\n\n\n\n<p>Dans un monde fragment\u00e9, marqu\u00e9 par les rivalit\u00e9s de puissances et les replis identitaires, ces pays peuvent jouer un r\u00f4le essentiel. Ils poss\u00e8dent un capital relationnel, symbolique et culturel qui leur permet de faire dialoguer des espaces que la g\u00e9opolitique oppose trop souvent.<\/p>\n\n\n\n<p>Le S\u00e9n\u00e9gal appartient naturellement \u00e0 cette cat\u00e9gorie. Par son histoire atlantique, ses ports, ses lieux de m\u00e9moire universels, sa tradition diplomatique, sa stabilit\u00e9 politique, sa vitalit\u00e9 culturelle et la richesse de ses spiritualit\u00e9s, il peut faire dialoguer l\u2019Afrique, les diasporas et le reste du monde.<\/p>\n\n\n\n<p>Longtemps per\u00e7ue comme secondaire, cette posture devient aujourd\u2019hui un atout strat\u00e9gique majeur. Dans un monde satur\u00e9 de rapports de force, le lien redevient une puissance.<\/p>\n\n\n\n<p>\u00catre un pays reliant suppose de produire du sens, de proposer des r\u00e9cits communs et de transformer les m\u00e9moires conflictuelles en horizons partag\u00e9s. La culture, les arts, la musique, la gastronomie, les savoirs et les pratiques spirituelles afro-atlantiques deviennent alors de v\u00e9ritables instruments de politique internationale. Ils recr\u00e9ent de la confiance l\u00e0 o\u00f9 les trait\u00e9s \u00e9chouent.<\/p>\n\n\n\n<p>C\u2019est dans cette perspective qu\u2019AfroAtlantiqa prend tout son sens : non comme un simple projet culturel, mais comme une plateforme internationale destin\u00e9e \u00e0 relier les peuples, les villes et les imaginaires du monde atlantique.<\/p>\n\n\n\n<p>Dans cette recomposition mondiale incertaine, le S\u00e9n\u00e9gal poss\u00e8de une carte singuli\u00e8re \u00e0 jouer : assumer pleinement sa vocation historique de pays reliant.<\/p>\n\n\n\n<p>Relier les mondes, relier les m\u00e9moires, relier les avenirs.<\/p>\n\n\n\n<p>C\u2019est peut-\u00eatre aujourd\u2019hui la forme la plus durable de souverainet\u00e9.<\/p>\n\n\n\n<p><strong>Par Souleymane Sar, fondateur d\u2019AfroAtlantiqa<\/strong><br>SOURCE SUDQUOTIDIEN<\/p>\n\n\n\n<p><\/p>\n","protected":false},"excerpt":{"rendered":"<p>Par-del\u00e0 les continents et les si\u00e8cles, une m\u00eame histoire relie l\u2019Afrique, l\u2019Europe et les Am\u00e9riques : celle des circulations humaines,<\/p>\n","protected":false},"author":1,"featured_media":69383,"comment_status":"open","ping_status":"open","sticky":false,"template":"","format":"standard","meta":{"footnotes":""},"categories":[21],"tags":[],"class_list":["post-69382","post","type-post","status-publish","format-standard","has-post-thumbnail","hentry","category-societe"],"_links":{"self":[{"href":"https:\/\/dekkbi.com\/index.php?rest_route=\/wp\/v2\/posts\/69382","targetHints":{"allow":["GET"]}}],"collection":[{"href":"https:\/\/dekkbi.com\/index.php?rest_route=\/wp\/v2\/posts"}],"about":[{"href":"https:\/\/dekkbi.com\/index.php?rest_route=\/wp\/v2\/types\/post"}],"author":[{"embeddable":true,"href":"https:\/\/dekkbi.com\/index.php?rest_route=\/wp\/v2\/users\/1"}],"replies":[{"embeddable":true,"href":"https:\/\/dekkbi.com\/index.php?rest_route=%2Fwp%2Fv2%2Fcomments&post=69382"}],"version-history":[{"count":1,"href":"https:\/\/dekkbi.com\/index.php?rest_route=\/wp\/v2\/posts\/69382\/revisions"}],"predecessor-version":[{"id":69384,"href":"https:\/\/dekkbi.com\/index.php?rest_route=\/wp\/v2\/posts\/69382\/revisions\/69384"}],"wp:featuredmedia":[{"embeddable":true,"href":"https:\/\/dekkbi.com\/index.php?rest_route=\/wp\/v2\/media\/69383"}],"wp:attachment":[{"href":"https:\/\/dekkbi.com\/index.php?rest_route=%2Fwp%2Fv2%2Fmedia&parent=69382"}],"wp:term":[{"taxonomy":"category","embeddable":true,"href":"https:\/\/dekkbi.com\/index.php?rest_route=%2Fwp%2Fv2%2Fcategories&post=69382"},{"taxonomy":"post_tag","embeddable":true,"href":"https:\/\/dekkbi.com\/index.php?rest_route=%2Fwp%2Fv2%2Ftags&post=69382"}],"curies":[{"name":"wp","href":"https:\/\/api.w.org\/{rel}","templated":true}]}}