{"id":69379,"date":"2026-03-12T10:58:11","date_gmt":"2026-03-12T10:58:11","guid":{"rendered":"https:\/\/dekkbi.com\/?p=69379"},"modified":"2026-03-12T10:58:12","modified_gmt":"2026-03-12T10:58:12","slug":"juge-pour-diffusion-de-fausses-nouvelles-cod-deleste-de-500-mille-francs-cfa","status":"publish","type":"post","link":"https:\/\/dekkbi.com\/?p=69379","title":{"rendered":"Jug\u00e9 pour diffusion de fausses nouvelles : COD d\u00e9lest\u00e9 de 500 mille francs CFA"},"content":{"rendered":"\n<p><strong>Le Tribunal des flagrants d\u00e9lits de Dakar a rendu son verdict hier dans l\u2019affaire opposant le Minist\u00e8re public \u00e0 Cheikh Omar Diagne. Poursuivi pour diffusion de fausses nouvelles, il a \u00e9t\u00e9 reconnu coupable, mais \u00e9chappe \u00e0 la prison ferme&nbsp;; une issue qui suscite d\u00e9j\u00e0 de vives r\u00e9actions sur l\u2019\u00e9galit\u00e9 de traitement devant la Justice s\u00e9n\u00e9galaise.<\/strong><\/p>\n\n\n\n<p>Un verdict financier sans d\u00e9tention pour COD. Apr\u00e8s avoir \u00e9t\u00e9 plac\u00e9 sous mandat de d\u00e9p\u00f4t le 9 mars dernier, le sort de Cheikh Omar Diagne est d\u00e9sormais fix\u00e9. Le Tribunal, statuant en mati\u00e8re de flagrant d\u00e9lit, a retenu la culpabilit\u00e9 de l\u2019int\u00e9ress\u00e9 pour les faits de diffusion de fausses nouvelles. Toutefois, la juridiction a fait preuve d\u2019une certaine cl\u00e9mence sur la forme de la sanction. La peine prononc\u00e9e se limite \u00e0 une amende de 500 mille F Cfa. Cette sanction p\u00e9cuniaire, confirm\u00e9e par son conseil \u00e0 la sortie de l\u2019audience, \u00e9carte d\u00e9finitivement toute peine d\u2019emprisonnement ferme pour ce dossier, permettant \u00e0 Cheikh Omar Diagne de recouvrer la libert\u00e9.<\/p>\n\n\n\n<p>Si le clan Diagne peut souffler, cette d\u00e9cision laisse un go\u00fbt amer \u00e0 une partie de la Soci\u00e9t\u00e9 civile. Babacar Ba, pr\u00e9sident du Forum du justiciable, est mont\u00e9 au cr\u00e9neau pour d\u00e9noncer ce qu\u2019il qualifie de \u00abjustice \u00e0 deux vitesses\u00bb. L\u2019organisation pointe du doigt une disparit\u00e9 flagrante dans la gestion des d\u00e9lais proc\u00e9duraux entre deux dossiers quasi identiques. Il cite le cas Abdou Nguer : poursuivi pour les m\u00eames chefs d\u2019accusation, il a \u00e9t\u00e9 plac\u00e9 sous mandat de d\u00e9p\u00f4t le 18 f\u00e9vrier 2026. Son proc\u00e8s a \u00e9t\u00e9 renvoy\u00e9 au 20 mars, prolongeant ainsi sa d\u00e9tention pr\u00e9ventive. Il fait un parall\u00e9lisme avec celui de Cheikh Omar Diagne, plac\u00e9 sous mandat de d\u00e9p\u00f4t le 9 mars, son dossier a \u00e9t\u00e9 retenu et jug\u00e9 s\u00e9ance tenante ce 11 mars, soit seulement 48 heures plus tard.<\/p>\n\n\n\n<p><strong>Une \u00abrupture d\u2019\u00e9galit\u00e9\u00bb d\u00e9nonc\u00e9e par le Fdj<\/strong><\/p>\n\n\n\n<p>Pour Babacar Ba, cette diff\u00e9rence de traitement constitue une \u00abv\u00e9ritable rupture d\u2019\u00e9galit\u00e9 entre citoyens devant la loi\u00bb. Selon le d\u00e9fenseur des droits de l\u2019Homme, cette c\u00e9l\u00e9rit\u00e9 s\u00e9lective est de nature \u00e0 fragiliser l\u2019institution judiciaire. \u00abUne telle attitude alimente des suspicions l\u00e9gitimes \u00e0 l\u2019encontre de la Justice et renforce le sentiment d\u2019injustice au sein de l\u2019opinion\u00bb, a-t-il d\u00e9plor\u00e9 dans une d\u00e9claration officielle.<br>Le Forum du justiciable appelle d\u00e9sormais \u00e0 un respect rigoureux du principe d\u2019\u00e9galit\u00e9, pilier de l\u2019Etat de Droit, afin de garantir la cr\u00e9dibilit\u00e9 de la Justice s\u00e9n\u00e9galaise et de prot\u00e9ger les droits fondamentaux de tous les justiciables, sans distinction.<\/p>\n\n\n\n<p><\/p>\n","protected":false},"excerpt":{"rendered":"<p>Le Tribunal des flagrants d\u00e9lits de Dakar a rendu son verdict hier dans l\u2019affaire opposant le Minist\u00e8re public \u00e0 Cheikh<\/p>\n","protected":false},"author":1,"featured_media":69380,"comment_status":"open","ping_status":"open","sticky":false,"template":"","format":"standard","meta":{"footnotes":""},"categories":[26],"tags":[],"class_list":["post-69379","post","type-post","status-publish","format-standard","has-post-thumbnail","hentry","category-fait-divers"],"_links":{"self":[{"href":"https:\/\/dekkbi.com\/index.php?rest_route=\/wp\/v2\/posts\/69379","targetHints":{"allow":["GET"]}}],"collection":[{"href":"https:\/\/dekkbi.com\/index.php?rest_route=\/wp\/v2\/posts"}],"about":[{"href":"https:\/\/dekkbi.com\/index.php?rest_route=\/wp\/v2\/types\/post"}],"author":[{"embeddable":true,"href":"https:\/\/dekkbi.com\/index.php?rest_route=\/wp\/v2\/users\/1"}],"replies":[{"embeddable":true,"href":"https:\/\/dekkbi.com\/index.php?rest_route=%2Fwp%2Fv2%2Fcomments&post=69379"}],"version-history":[{"count":1,"href":"https:\/\/dekkbi.com\/index.php?rest_route=\/wp\/v2\/posts\/69379\/revisions"}],"predecessor-version":[{"id":69381,"href":"https:\/\/dekkbi.com\/index.php?rest_route=\/wp\/v2\/posts\/69379\/revisions\/69381"}],"wp:featuredmedia":[{"embeddable":true,"href":"https:\/\/dekkbi.com\/index.php?rest_route=\/wp\/v2\/media\/69380"}],"wp:attachment":[{"href":"https:\/\/dekkbi.com\/index.php?rest_route=%2Fwp%2Fv2%2Fmedia&parent=69379"}],"wp:term":[{"taxonomy":"category","embeddable":true,"href":"https:\/\/dekkbi.com\/index.php?rest_route=%2Fwp%2Fv2%2Fcategories&post=69379"},{"taxonomy":"post_tag","embeddable":true,"href":"https:\/\/dekkbi.com\/index.php?rest_route=%2Fwp%2Fv2%2Ftags&post=69379"}],"curies":[{"name":"wp","href":"https:\/\/api.w.org\/{rel}","templated":true}]}}