{"id":69376,"date":"2026-03-12T10:47:45","date_gmt":"2026-03-12T10:47:45","guid":{"rendered":"https:\/\/dekkbi.com\/?p=69376"},"modified":"2026-03-12T10:47:45","modified_gmt":"2026-03-12T10:47:45","slug":"renforcement-de-lefficacite-de-la-politique-etrangere-le-chef-de-letat-convoque-les-ambassadeurs-consuls-generaux-et-consuls-du-senegal","status":"publish","type":"post","link":"https:\/\/dekkbi.com\/?p=69376","title":{"rendered":"Renforcement de l\u2019efficacit\u00e9 de la politique \u00e9trang\u00e8re : le Chef de l\u2019Etat convoque les ambassadeurs, consuls g\u00e9n\u00e9raux et consuls du S\u00e9n\u00e9gal"},"content":{"rendered":"\n<p>Le pr\u00e9sident de la R\u00e9publique, Bassirou Diomaye Faye, va tenir son premier conclave avec les ambassadeurs, consuls g\u00e9n\u00e9raux et consuls du S\u00e9n\u00e9gal. S\u2019exprimant hier, mercredi 11 mars 2026, lors de la r\u00e9union du Conseil des ministres, le chef de l\u2019\u00c9tat a inform\u00e9 le Conseil avoir convoqu\u00e9, les 18 et 19 avril 2026, la Conf\u00e9rence des ambassadeurs, consuls g\u00e9n\u00e9raux et consuls du S\u00e9n\u00e9gal.<\/p>\n\n\n\n<p>Il a rappel\u00e9 que le S\u00e9n\u00e9gal reste un pays attach\u00e9 \u00e0 la paix, au multilat\u00e9ralisme et \u00e0 l\u2019int\u00e9gration africaine. \u00c0 ce titre, il a demand\u00e9 de veiller \u00e0 la modernisation du r\u00e9seau diplomatique et consulaire, en vue de renforcer l\u2019efficacit\u00e9 de la politique \u00e9trang\u00e8re du pays.<\/p>\n\n\n\n<p>Loin de s\u2019en tenir l\u00e0, le Chef de l\u2019\u00c9tat a \u00e9galement annonc\u00e9 que le S\u00e9n\u00e9gal accueillera la 10\u1d49 \u00e9dition du Forum de Dakar sur la Paix et la S\u00e9curit\u00e9 en Afrique, qui enregistrera la participation de plusieurs d\u00e9cideurs et acteurs civils et militaires du continent africain.<\/p>\n\n\n\n<p><strong>Nando Cabral GOMIS<\/strong><\/p>\n","protected":false},"excerpt":{"rendered":"<p>Le pr\u00e9sident de la R\u00e9publique, Bassirou Diomaye Faye, va tenir son premier conclave avec les ambassadeurs, consuls g\u00e9n\u00e9raux et consuls<\/p>\n","protected":false},"author":1,"featured_media":69377,"comment_status":"open","ping_status":"open","sticky":false,"template":"","format":"standard","meta":{"footnotes":""},"categories":[6],"tags":[],"class_list":["post-69376","post","type-post","status-publish","format-standard","has-post-thumbnail","hentry","category-politics"],"_links":{"self":[{"href":"https:\/\/dekkbi.com\/index.php?rest_route=\/wp\/v2\/posts\/69376","targetHints":{"allow":["GET"]}}],"collection":[{"href":"https:\/\/dekkbi.com\/index.php?rest_route=\/wp\/v2\/posts"}],"about":[{"href":"https:\/\/dekkbi.com\/index.php?rest_route=\/wp\/v2\/types\/post"}],"author":[{"embeddable":true,"href":"https:\/\/dekkbi.com\/index.php?rest_route=\/wp\/v2\/users\/1"}],"replies":[{"embeddable":true,"href":"https:\/\/dekkbi.com\/index.php?rest_route=%2Fwp%2Fv2%2Fcomments&post=69376"}],"version-history":[{"count":1,"href":"https:\/\/dekkbi.com\/index.php?rest_route=\/wp\/v2\/posts\/69376\/revisions"}],"predecessor-version":[{"id":69378,"href":"https:\/\/dekkbi.com\/index.php?rest_route=\/wp\/v2\/posts\/69376\/revisions\/69378"}],"wp:featuredmedia":[{"embeddable":true,"href":"https:\/\/dekkbi.com\/index.php?rest_route=\/wp\/v2\/media\/69377"}],"wp:attachment":[{"href":"https:\/\/dekkbi.com\/index.php?rest_route=%2Fwp%2Fv2%2Fmedia&parent=69376"}],"wp:term":[{"taxonomy":"category","embeddable":true,"href":"https:\/\/dekkbi.com\/index.php?rest_route=%2Fwp%2Fv2%2Fcategories&post=69376"},{"taxonomy":"post_tag","embeddable":true,"href":"https:\/\/dekkbi.com\/index.php?rest_route=%2Fwp%2Fv2%2Ftags&post=69376"}],"curies":[{"name":"wp","href":"https:\/\/api.w.org\/{rel}","templated":true}]}}