{"id":69363,"date":"2026-03-12T10:23:12","date_gmt":"2026-03-12T10:23:12","guid":{"rendered":"https:\/\/dekkbi.com\/?p=69363"},"modified":"2026-03-12T10:23:13","modified_gmt":"2026-03-12T10:23:13","slug":"cereales-et-produits-horticoles-le-chef-de-letat-appelle-a-renforcer-les-capacites-de-linstitut-de-technologie-alimentaire","status":"publish","type":"post","link":"https:\/\/dekkbi.com\/?p=69363","title":{"rendered":"C\u00e9r\u00e9ales et produits horticoles\u00a0: le chef de l\u2019\u00c9tat appelle \u00e0 renforcer les capacit\u00e9s de l\u2019Institut de technologie alimentaire"},"content":{"rendered":"\n<p>Dakar, (APS) \u2013 Le pr\u00e9sident de la R\u00e9publique a demand\u00e9 au gouvernement, lors du Conseil des ministres de ce mercredi, d\u2019\u2018\u2019accentuer\u2019\u2019 les campagnes d\u2019information et de promotion de la consommation de la production agricole nationale, de renforcer aussi les capacit\u00e9s de l\u2019Institut de technologie alimentaire en mati\u00e8re de valorisation des recherches sur les c\u00e9r\u00e9ales et les produits horticoles.<\/p>\n\n\n\n<p>\u2018\u2019Il a insist\u00e9 sur la n\u00e9cessit\u00e9 d\u2019accentuer les campagnes d\u2019information et de promotion de la consommation de la production agricole nationale, par le d\u00e9veloppement d\u2019un label qualit\u00e9 \u2018S\u00e9n\u00e9gal\u2019, tout en renfor\u00e7ant les capacit\u00e9s de l\u2019Institut de technologie alimentaire, notamment dans ses missions de valorisation des recherches sur les c\u00e9r\u00e9ales et les productions horticoles\u2019\u2019, rapporte la porte-parole du gouvernement, Marie Rose Faye.<\/p>\n\n\n\n<p>\u2018\u2019Le pr\u00e9sident de la R\u00e9publique souligne que les performances de la production, dans le secteur agricole, [n\u00e9cessitent] la mise en \u0153uvre d\u2019une vision syst\u00e9mique int\u00e9grant \u00e0 la fois la restructuration des march\u00e9s et des circuits de distribution des produits agricoles, la transformation des productions, la ma\u00eetrise et la r\u00e9gulation de la demande, ainsi que la promotion de la consommation des produits locaux\u2019\u2019, a \u00e9crit Mme Faye dans le communiqu\u00e9 du Conseil des ministres.<\/p>\n\n\n\n<p>Le chef de l\u2019\u00c9tat a demand\u00e9 aussi au gouvernement de \u2018\u2019veiller \u00e0 l\u2019encadrement et \u00e0 la r\u00e9gulation de la commercialisation des produits agricoles et horticoles\u2019\u2019.<\/p>\n\n\n\n<p>Il lui a recommand\u00e9 d\u2019\u2018\u2019acc\u00e9l\u00e9rer le d\u00e9ploiement du Programme national de r\u00e9alisation d\u2019infrastructures de stockage et de conservation des produits agricoles\u2019\u2019.<\/p>\n\n\n\n<p>Selon Marie Rose Faye, \u00e9galement secr\u00e9taire d\u2019\u00c9tat charg\u00e9e des Relations avec les institutions, le chef de l\u2019\u00c9tat a appel\u00e9 le ministre de l\u2019Industrie et du Commerce, ainsi que son coll\u00e8gue charg\u00e9 de l\u2019Agriculture, de la Souverainet\u00e9 alimentaire et de l\u2019\u00c9levage, \u00e0 \u2018\u2019travailler \u00e0 la signature de conventions de commercialisation, afin d\u2019assurer l\u2019\u00e9coulement des productions agricoles \u00e0 des prix r\u00e9mun\u00e9rateurs\u2019\u2019.<\/p>\n\n\n\n<p>Bassirou Diomaye Faye veut en m\u00eame temps qu\u2019une \u2018\u2019attention particuli\u00e8re\u2019\u2019 soit accord\u00e9e \u00e0 la constitution de stocks de s\u00e9curit\u00e9, concernant \u2018\u2019les denr\u00e9es strat\u00e9giques et les produits de consommation courante\u2019\u2019.<\/p>\n\n\n\n<p>Il appelle le gouvernement \u00e0 faire de m\u00eame pour la stabilit\u00e9 des prix.<\/p>\n\n\n\n<p>M. Faye a demand\u00e9 aux ministres concern\u00e9s de \u2018\u2019faire l\u2019\u00e9valuation de l\u2019\u00e9tat d\u2019application de la loi sur les prix et la protection des consommateurs\u2019\u2019.<\/p>\n\n\n\n<p>ESF<\/p>\n","protected":false},"excerpt":{"rendered":"<p>Dakar, (APS) \u2013 Le pr\u00e9sident de la R\u00e9publique a demand\u00e9 au gouvernement, lors du Conseil des ministres de ce mercredi,<\/p>\n","protected":false},"author":1,"featured_media":69364,"comment_status":"open","ping_status":"open","sticky":false,"template":"","format":"standard","meta":{"footnotes":""},"categories":[3],"tags":[],"class_list":["post-69363","post","type-post","status-publish","format-standard","has-post-thumbnail","hentry","category-event-more-news"],"_links":{"self":[{"href":"https:\/\/dekkbi.com\/index.php?rest_route=\/wp\/v2\/posts\/69363","targetHints":{"allow":["GET"]}}],"collection":[{"href":"https:\/\/dekkbi.com\/index.php?rest_route=\/wp\/v2\/posts"}],"about":[{"href":"https:\/\/dekkbi.com\/index.php?rest_route=\/wp\/v2\/types\/post"}],"author":[{"embeddable":true,"href":"https:\/\/dekkbi.com\/index.php?rest_route=\/wp\/v2\/users\/1"}],"replies":[{"embeddable":true,"href":"https:\/\/dekkbi.com\/index.php?rest_route=%2Fwp%2Fv2%2Fcomments&post=69363"}],"version-history":[{"count":1,"href":"https:\/\/dekkbi.com\/index.php?rest_route=\/wp\/v2\/posts\/69363\/revisions"}],"predecessor-version":[{"id":69365,"href":"https:\/\/dekkbi.com\/index.php?rest_route=\/wp\/v2\/posts\/69363\/revisions\/69365"}],"wp:featuredmedia":[{"embeddable":true,"href":"https:\/\/dekkbi.com\/index.php?rest_route=\/wp\/v2\/media\/69364"}],"wp:attachment":[{"href":"https:\/\/dekkbi.com\/index.php?rest_route=%2Fwp%2Fv2%2Fmedia&parent=69363"}],"wp:term":[{"taxonomy":"category","embeddable":true,"href":"https:\/\/dekkbi.com\/index.php?rest_route=%2Fwp%2Fv2%2Fcategories&post=69363"},{"taxonomy":"post_tag","embeddable":true,"href":"https:\/\/dekkbi.com\/index.php?rest_route=%2Fwp%2Fv2%2Ftags&post=69363"}],"curies":[{"name":"wp","href":"https:\/\/api.w.org\/{rel}","templated":true}]}}