{"id":69360,"date":"2026-03-12T09:48:46","date_gmt":"2026-03-12T09:48:46","guid":{"rendered":"https:\/\/dekkbi.com\/?p=69360"},"modified":"2026-03-12T09:48:47","modified_gmt":"2026-03-12T09:48:47","slug":"enseignement-superieur-un-appel-a-candidatures-pour-le-financement-de-40-projets-de-recherche","status":"publish","type":"post","link":"https:\/\/dekkbi.com\/?p=69360","title":{"rendered":"Enseignement sup\u00e9rieur:\u00a0 un appel \u00e0 candidatures pour le financement de 40 projets de recherche"},"content":{"rendered":"\n<p><strong>Un appel \u00e0 candidatures a \u00e9t\u00e9 lanc\u00e9 par le minist\u00e8re de l\u2019Enseignement sup\u00e9rieur, de la Recherche et de l\u2019Innovation (Mesri) pour le financement de 40 projets de recherche. Plusieurs domaines sont vis\u00e9s.<\/strong><\/p>\n\n\n\n<p>Le minist\u00e8re de l\u2019Enseignement sup\u00e9rieur, de la Recherche et de l\u2019Innovation (Mesri), \u00e0 travers la Direction g\u00e9n\u00e9rale de la recherche et de l\u2019innovation (Dgri), met en place un Fonds comp\u00e9titif pour la recherche \u00e0 impact. Selon un communiqu\u00e9 de presse, \u00ab cet instrument d\u2019interm\u00e9diation entre la demande de recherche et l\u2019offre scientifique a pour vocation de g\u00e9n\u00e9rer des donn\u00e9es probantes pour \u00e9clairer les politiques publiques \u00bb. C\u2019est dans ce cadre que le minist\u00e8re a lanc\u00e9 un appel \u00e0 candidatures pour s\u00e9lectionner et financer 40 projets strat\u00e9giques apportant des solutions concr\u00e8tes aux d\u00e9fis du d\u00e9veloppement durable et de la souverainet\u00e9 nationale.<\/p>\n\n\n\n<p>Selon le document, les projets soumis doivent concourir aux objectifs suivants : \u00ab soutenir la recherche fondamentale et appliqu\u00e9e ainsi que le d\u00e9veloppement de solutions innovantes directement li\u00e9es aux priorit\u00e9s de d\u00e9veloppement national et territorial ; promouvoir et valoriser les connaissances et comp\u00e9tences, savoirs et savoir-faire locaux et nationaux \u00bb. Il s\u2019agit \u00e9galement de renforcer les capacit\u00e9s institutionnelles et humaines des institutions de recherche ainsi que les relations partenariales avec le secteur priv\u00e9 ; impliquer les chercheuses \u00e0 tous les niveaux et accompagner les jeunes chercheurs. \u00ab Les propositions doivent s\u2019inscrire dans les domaines suivants \u00bb, a-t-on ajout\u00e9.<\/p>\n\n\n\n<p>Il s\u2019agit notamment de l\u2019agriculture et la souverainet\u00e9 alimentaire ; l\u2019\u00e9conomie et l\u2019industrialisation ; la sant\u00e9 et le bien-\u00eatre ; l\u2019environnement et les ressources naturelles, le num\u00e9rique et les technologies \u00e9mergentes ; la soci\u00e9t\u00e9, l\u2019administration et la gouvernance. Le minist\u00e8re de pr\u00e9ciser que \u00ab l\u2019int\u00e9gration des aspects sociaux et anthropologiques, via l\u2019inclusion de chercheurs en sciences sociales, est requise pour tous les projets Sciences, technologie, ing\u00e9nierie et math\u00e9matiques (Stem).<\/p>\n\n\n\n<p>Le communiqu\u00e9 mentionne que \u00ab les candidats \u00e9ligibles sont les enseignants-chercheurs ou chercheurs rattach\u00e9s \u00e0 une universit\u00e9 publique, un institut de recherche, un \u00e9tablissement public \u00e0 caract\u00e8re scientifique et technologique (Epst) ou un secteur industriel public orient\u00e9 vers la recherche et le d\u00e9veloppement \u00bb. La s\u00e9lection, poursuit la source, \u00ab se fera en 4 \u00e9tapes : v\u00e9rification administrative, \u00e9valuation scientifique par un panel d\u2019experts, auditions ou visites de terrain pour la cat\u00e9gorie (si n\u00e9cessaire) et la d\u00e9cision finale du comit\u00e9 de pilotage \u00bb.<\/p>\n\n\n\n<p><strong>Aliou KANDE<\/strong><br>LESOLEIL<\/p>\n","protected":false},"excerpt":{"rendered":"<p>Un appel \u00e0 candidatures a \u00e9t\u00e9 lanc\u00e9 par le minist\u00e8re de l\u2019Enseignement sup\u00e9rieur, de la Recherche et de l\u2019Innovation (Mesri)<\/p>\n","protected":false},"author":1,"featured_media":69361,"comment_status":"open","ping_status":"open","sticky":false,"template":"","format":"standard","meta":{"footnotes":""},"categories":[3],"tags":[],"class_list":["post-69360","post","type-post","status-publish","format-standard","has-post-thumbnail","hentry","category-event-more-news"],"_links":{"self":[{"href":"https:\/\/dekkbi.com\/index.php?rest_route=\/wp\/v2\/posts\/69360","targetHints":{"allow":["GET"]}}],"collection":[{"href":"https:\/\/dekkbi.com\/index.php?rest_route=\/wp\/v2\/posts"}],"about":[{"href":"https:\/\/dekkbi.com\/index.php?rest_route=\/wp\/v2\/types\/post"}],"author":[{"embeddable":true,"href":"https:\/\/dekkbi.com\/index.php?rest_route=\/wp\/v2\/users\/1"}],"replies":[{"embeddable":true,"href":"https:\/\/dekkbi.com\/index.php?rest_route=%2Fwp%2Fv2%2Fcomments&post=69360"}],"version-history":[{"count":1,"href":"https:\/\/dekkbi.com\/index.php?rest_route=\/wp\/v2\/posts\/69360\/revisions"}],"predecessor-version":[{"id":69362,"href":"https:\/\/dekkbi.com\/index.php?rest_route=\/wp\/v2\/posts\/69360\/revisions\/69362"}],"wp:featuredmedia":[{"embeddable":true,"href":"https:\/\/dekkbi.com\/index.php?rest_route=\/wp\/v2\/media\/69361"}],"wp:attachment":[{"href":"https:\/\/dekkbi.com\/index.php?rest_route=%2Fwp%2Fv2%2Fmedia&parent=69360"}],"wp:term":[{"taxonomy":"category","embeddable":true,"href":"https:\/\/dekkbi.com\/index.php?rest_route=%2Fwp%2Fv2%2Fcategories&post=69360"},{"taxonomy":"post_tag","embeddable":true,"href":"https:\/\/dekkbi.com\/index.php?rest_route=%2Fwp%2Fv2%2Ftags&post=69360"}],"curies":[{"name":"wp","href":"https:\/\/api.w.org\/{rel}","templated":true}]}}