{"id":69357,"date":"2026-03-12T09:40:18","date_gmt":"2026-03-12T09:40:18","guid":{"rendered":"https:\/\/dekkbi.com\/?p=69357"},"modified":"2026-03-12T09:40:19","modified_gmt":"2026-03-12T09:40:19","slug":"thies-saer-ndao-prone-lentrepreneuriat-agricole-pour-lutter-contre-le-chomage-des-jeunes","status":"publish","type":"post","link":"https:\/\/dekkbi.com\/?p=69357","title":{"rendered":"Thi\u00e8s: Saer Ndao pr\u00f4ne l\u2019entrepreneuriat agricole pour lutter contre le ch\u00f4mage des jeunes"},"content":{"rendered":"\n<p>Thi\u00e8s, (APS) \u2013 Le gouverneur de la r\u00e9gion de Thi\u00e8s, Saer Ndao, a fait, mercredi, dans un entretien avec l\u2019APS, un plaidoyer pour l\u2019entrepreneuriat agricole comme voie de salut pour lutter contre le ch\u00f4mage des jeunes.<\/p>\n\n\n\n<p>\u2018\u2019Si vous voulez faire une activit\u00e9 salariale, dans le domaine de l\u2019agriculture, c\u2019est l\u2019entrepreneuriat rural agricole qui r\u00e8gle le probl\u00e8me. Donc il faut que les jeunes s\u2019organisent parce que le syst\u00e8me individuel ne prosp\u00e8re plus\u2019\u2019, a recommand\u00e9 Sa\u00ebr Ndao.<\/p>\n\n\n\n<p>L\u2019entretien a \u00e9t\u00e9 r\u00e9alis\u00e9 dans le cadre de la pr\u00e9paration de la 66-\u00e8me c\u00e9l\u00e9bration de l\u2019accession du S\u00e9n\u00e9gal \u00e0 la souverainet\u00e9 internationale, d\u00e9localis\u00e9e \u00e0 Thi\u00e8s.<\/p>\n\n\n\n<p>Le gouverneur a soulign\u00e9 ce \u201dparadoxe\u201d que constitue le niveau de ch\u00f4mage \u00e0 Thi\u00e8s, malgr\u00e9 le nombre d\u2019entreprises mini\u00e8res pr\u00e9sentes et le potentiel agricole dont regorge la r\u00e9gion. Il consid\u00e8re que pour r\u00e9ussir dans l\u2019agriculture, il faut y entrer par la porte de l\u2019entrepreneuriat, mais aussi de fa\u00e7on collective.<\/p>\n\n\n\n<p>Cette d\u00e9marche peut faciliter l\u2019acc\u00e8s au financement, gr\u00e2ce \u00e0 une caution solidaire. Il a \u00e9voqu\u00e9, \u00e0 ce propos, la politique de l\u2019\u00c9tat qui est en train d\u2019organiser les producteurs en coop\u00e9ratives, qui peuvent leur garantir un acc\u00e8s aux intrants et au mat\u00e9riel agricole.<\/p>\n\n\n\n<p>Pour le reste, c\u2019est le suivi et la formation continue qui va permettre aux jeunes entrepreneurs de r\u00e9ussir\u2019\u2019, a-t-il-relev\u00e9, insistant que \u2018\u2019le focus pour Thi\u00e8s doit \u00eatre l\u2019entrepreneuriat agricole\u2019\u2019. Selon l\u2019autorit\u00e9 administrative, l\u2019\u00c9tat doit \u201drassurer tout ceux qui veulent entrer dans l\u2019agriculture\u2019\u2019.<\/p>\n\n\n\n<p>\u2018\u2019L\u2019agriculture, c\u2019est une cha\u00eene depuis le d\u00e9part jusqu\u2019\u00e0 la fin. Si dans cette cha\u00eene, on ne parvient pas \u00e0 rassurer les jeunes entrepreneurs, il y a probl\u00e8me\u2019\u2019, a dit Saer Ndao,.<\/p>\n\n\n\n<p>Le r\u00f4le de l\u2019\u00c9tat dans le d\u00e9veloppement de l\u2019entrepreneuriat agricole des jeunes, est de garantir la r\u00e9ussite des jeunes qui veulent s\u2019y engager en leur assurant une formation, de mettre \u00e0 leur disposition des machines, mais aussi de faciliter la commercialisation de leur production.<\/p>\n\n\n\n<p>Soulignant que c\u2019est \u00e0 ce niveau que le probl\u00e8me se pose, M. Ndao renseigne que l\u2019\u00c9tat est en train d\u2019\u00e9rudier des solutions avec l\u2019Agence de r\u00e9gulation des march\u00e9s (ARM), pour r\u00e9gler ce probl\u00e8me.<\/p>\n\n\n\n<p>SI l\u2019on ne parvient pas \u00e0 r\u00e9gler la.question des d\u00e9bouch\u00e9s, \u201dc\u2019est la finalit\u00e9-m\u00eame qui est menac\u00e9e et c\u2019est l\u00e0 o\u00f9 les gens ont peur\u201d, a-t-il relev\u00e9, estimant que le jeune qui veut entreprendre dans le secteur de l\u2019agriculture et qui voit que les producteurs ont des invendus entre leurs mains, a \u201dpeur\u2019\u2019.<\/p>\n\n\n\n<p>BT\/ADI\/ADC<\/p>\n","protected":false},"excerpt":{"rendered":"<p>Thi\u00e8s, (APS) \u2013 Le gouverneur de la r\u00e9gion de Thi\u00e8s, Saer Ndao, a fait, mercredi, dans un entretien avec l\u2019APS,<\/p>\n","protected":false},"author":1,"featured_media":69358,"comment_status":"open","ping_status":"open","sticky":false,"template":"","format":"standard","meta":{"footnotes":""},"categories":[21],"tags":[],"class_list":["post-69357","post","type-post","status-publish","format-standard","has-post-thumbnail","hentry","category-societe"],"_links":{"self":[{"href":"https:\/\/dekkbi.com\/index.php?rest_route=\/wp\/v2\/posts\/69357","targetHints":{"allow":["GET"]}}],"collection":[{"href":"https:\/\/dekkbi.com\/index.php?rest_route=\/wp\/v2\/posts"}],"about":[{"href":"https:\/\/dekkbi.com\/index.php?rest_route=\/wp\/v2\/types\/post"}],"author":[{"embeddable":true,"href":"https:\/\/dekkbi.com\/index.php?rest_route=\/wp\/v2\/users\/1"}],"replies":[{"embeddable":true,"href":"https:\/\/dekkbi.com\/index.php?rest_route=%2Fwp%2Fv2%2Fcomments&post=69357"}],"version-history":[{"count":1,"href":"https:\/\/dekkbi.com\/index.php?rest_route=\/wp\/v2\/posts\/69357\/revisions"}],"predecessor-version":[{"id":69359,"href":"https:\/\/dekkbi.com\/index.php?rest_route=\/wp\/v2\/posts\/69357\/revisions\/69359"}],"wp:featuredmedia":[{"embeddable":true,"href":"https:\/\/dekkbi.com\/index.php?rest_route=\/wp\/v2\/media\/69358"}],"wp:attachment":[{"href":"https:\/\/dekkbi.com\/index.php?rest_route=%2Fwp%2Fv2%2Fmedia&parent=69357"}],"wp:term":[{"taxonomy":"category","embeddable":true,"href":"https:\/\/dekkbi.com\/index.php?rest_route=%2Fwp%2Fv2%2Fcategories&post=69357"},{"taxonomy":"post_tag","embeddable":true,"href":"https:\/\/dekkbi.com\/index.php?rest_route=%2Fwp%2Fv2%2Ftags&post=69357"}],"curies":[{"name":"wp","href":"https:\/\/api.w.org\/{rel}","templated":true}]}}