{"id":6935,"date":"2023-01-28T11:01:58","date_gmt":"2023-01-28T11:01:58","guid":{"rendered":"https:\/\/dekkbi.com\/?p=6935"},"modified":"2023-01-28T11:01:59","modified_gmt":"2023-01-28T11:01:59","slug":"cote-divoire-niger-senegal-la-difficile-equation-des-pays-allies-de-la-france","status":"publish","type":"post","link":"https:\/\/dekkbi.com\/?p=6935","title":{"rendered":"C\u00f4te d&rsquo;Ivoire, Niger, S\u00e9n\u00e9gal : la difficile \u00e9quation des pays alli\u00e9s de la France"},"content":{"rendered":"\n<p>Apr\u00e8s le d\u00e9part des troupes fran\u00e7aises du Mali et du Burkina Faso, les derniers alli\u00e9s de Paris en Afrique de l&rsquo;Ouest doivent trouver un d\u00e9licat \u00e9quilibre entre leur volont\u00e9 de coop\u00e9ration contre les djihadistes et la mont\u00e9e du sentiment anti-fran\u00e7ais dans l&rsquo;opinion. Les militaires fran\u00e7ais ont \u00e9t\u00e9 somm\u00e9s cette semaine de partir par la junte au pouvoir au Burkina Faso, quelques mois apr\u00e8s un d\u00e9part dans des conditions similaires de la force fran\u00e7aise du Mali qui s&rsquo;est tourn\u00e9 vers la Russie. A Bamako comme \u00e0 Ouagadougou, le sentiment hostile \u00e0 la pr\u00e9sence fran\u00e7aise a gagn\u00e9 du terrain, dans les rues, les r\u00e9seaux sociaux et jusqu&rsquo;aux palais pr\u00e9sidentiels. Mais toutes les capitales ouest-africaines n&rsquo;ont pas encore c\u00e9d\u00e9 \u00e0 ce rejet.Mercredi 25 janvier, sur le perron de l&rsquo;Elys\u00e9e, l&rsquo;\u00e9treinte est chaleureuse : le pr\u00e9sident ivoirien Alassane Ouattara vient partager un d\u00e9jeuner de travail avec Emmanuel Macron pour \u00e9voquer notamment la lutte contre le terrorisme en Afrique de l&rsquo;Ouest et au Sahel..<\/p>\n\n\n\n<p>La relation entre les deux pays est au beau fixe, les deux chefs d&rsquo;Etat se voient r\u00e9guli\u00e8rement et plusieurs ministres fran\u00e7ais se sont succ\u00e9d\u00e9s \u00e0 Abidjan ces derniers mois. Si la liste de ses alli\u00e9s s&rsquo;est r\u00e9duite, la France compte toujours des troupes en C\u00f4te d&rsquo;Ivoire (900), au Niger (2.000) et au S\u00e9n\u00e9gal (500), notamment.En avril, le parlement nig\u00e9rien a vot\u00e9 un texte autorisant le d\u00e9ploiement de forces \u00e9trang\u00e8res sur son territoire pour lutter contre les groupes djihadistes qui s\u00e9vissent notamment dans sa partie ouest, pr\u00e8s des fronti\u00e8res du Mali et du Burkina Faso.<\/p>\n\n\n\n<p>Niamey est une des options privil\u00e9gi\u00e9es pour accueillir les forces fran\u00e7aises chass\u00e9es du Burkina Faso.La France assure qu&rsquo;il n&rsquo;est pas question d&rsquo;imposer sa pr\u00e9sence en Afrique mais plut\u00f4t d&rsquo;\u00eatre une force d&rsquo;appui pour aider les pays africains \u00e0 lutter contre le terrorisme, \u00e0 leur demande.A cet \u00e9gard, les soldats d\u00e9ploy\u00e9s \u00e0 Dakar \u00ab\u00a0incarnent parfaitement la nouvelle dynamique passant d\u2019une logique de lutte directe contre les groupes djihadistes \u00e0 une logique partenariale centr\u00e9e sur l\u2019appui et le soutien aux arm\u00e9es partenaires qui sont engag\u00e9es en op\u00e9rations\u00a0\u00bb, assure un responsable des El\u00e9ments fran\u00e7ais au S\u00e9n\u00e9gal (EFS). Profil bas La r\u00e9orientation de la politique fran\u00e7aise dans la r\u00e9gion est accompagn\u00e9e d&rsquo;un profil bas pour un alli\u00e9 devenu parfois encombrant pour les gouvernements ouest-africains. \u00ab\u00a0Je ne suis pas un valet de la France\u00a0\u00bb, lan\u00e7ait en juin le pr\u00e9sident nig\u00e9rien Mohamed Bazoum, soucieux de m\u00e9nager son opinion publique et les organisations influentes de la soci\u00e9t\u00e9 civile qui ont plusieurs fois appel\u00e9 \u00e0 manifester contre la France, en 2021 et 2022.<\/p>\n\n\n\n<p>Car avec ce choix assum\u00e9 de se tourner vers les puissances occidentales, dont la France, \u00ab\u00a0Mohamed Bazoum prend des risques politiquement\u00a0\u00bb, juge Amadou Bounty Diallo, enseignant \u00e0 l&rsquo;universit\u00e9 de Niamey. \u00ab\u00a0Il faut faire extr\u00eamement attention, quand les gens sont tr\u00e8s attach\u00e9s \u00e0 leur souverainet\u00e9, ils n&rsquo;acceptent pas n&rsquo;importe quoi\u00a0\u00bb, ajoute-t-il \u00e0 l&rsquo;AFP.Le sentiment d&rsquo;hostilit\u00e9 \u00e0 l&rsquo;\u00e9gard de la France est devenu un sujet incontournable, notamment en politique int\u00e9rieure.Au S\u00e9n\u00e9gal, le pr\u00e9sident Macky Sall est r\u00e9guli\u00e8rement accus\u00e9 par des militants, des articles de presse ou des publications sur les r\u00e9seaux sociaux de prendre ses instructions aupr\u00e8s de son \u00ab\u00a0ma\u00eetre\u00a0\u00bb fran\u00e7ais, Emmanuel Macron. Un des principaux opposants au chef de l&rsquo;Etat s\u00e9n\u00e9galais, Ousmane Sonko, qui compte se pr\u00e9senter \u00e0 la pr\u00e9sidentielle de 2024, assume un discours souverainiste et panafricaniste, parfois acide contre la France..<\/p>\n\n\n\n<p>La France divise au sein des opinions et devient un sujet de politique int\u00e9rieure. C&rsquo;est un th\u00e8me utilis\u00e9 comme un escalier pour acc\u00e9der ou se maintenir au pouvoir, car cela fait recette dans une partie de l&rsquo;opinion\u00a0\u00bb, souligne Fahiraman Rodrigue Kon\u00e9, chercheur principal \u00e0 l&rsquo;Institut des \u00e9tudes de s\u00e9curit\u00e9 (ISS), sp\u00e9cialiste du Sahel. Aucun pays n&rsquo;est \u00e0 l&rsquo;abri d&rsquo;une mont\u00e9e du sentiment anti-fran\u00e7ais, pointe le fondateur du groupe de r\u00e9flexion ouest-africain Wathi Gilles Yabi qui estime que le ph\u00e9nom\u00e8ne est autant li\u00e9 \u00ab\u00a0\u00e0 la situation s\u00e9curitaire dans la r\u00e9gion\u00a0\u00bb qu&rsquo;\u00e0 \u00ab\u00a0une volont\u00e9 d&rsquo;une partie de l&rsquo;opinion de passer \u00e0 une nouvelle phase, d\u2019acc\u00e9der \u00e0 +une nouvelle ind\u00e9pendance+\u00a0\u00bb.\u00a0\u00bbMais il ne faut pas r\u00e9duire le positionnement des Etats de la r\u00e9gion \u00e0 la question de leur rapport envers la France\u00a0\u00bb, pr\u00e9vient-il toutefois.  \u00ab\u00a0Le Niger, par exemple, est confront\u00e9 \u00e0 d&rsquo;\u00e9normes menaces s\u00e9curitaires et pour Mohamed Bazoum, le soutien des puissances occidentales apporte \u00e0 l&rsquo;heure actuelle plus d&rsquo;avantages que d&rsquo;inconv\u00e9nients pour l&rsquo;aider \u00e0 r\u00e9soudre ces d\u00e9fis\u00a0\u00bb, souligne cet expert. <\/p>\n","protected":false},"excerpt":{"rendered":"<p>Apr\u00e8s le d\u00e9part des troupes fran\u00e7aises du Mali et du Burkina Faso, les derniers alli\u00e9s de Paris en Afrique de<\/p>\n","protected":false},"author":1,"featured_media":5716,"comment_status":"open","ping_status":"open","sticky":false,"template":"","format":"standard","meta":{"footnotes":""},"categories":[6],"tags":[],"class_list":["post-6935","post","type-post","status-publish","format-standard","has-post-thumbnail","hentry","category-politics"],"_links":{"self":[{"href":"https:\/\/dekkbi.com\/index.php?rest_route=\/wp\/v2\/posts\/6935","targetHints":{"allow":["GET"]}}],"collection":[{"href":"https:\/\/dekkbi.com\/index.php?rest_route=\/wp\/v2\/posts"}],"about":[{"href":"https:\/\/dekkbi.com\/index.php?rest_route=\/wp\/v2\/types\/post"}],"author":[{"embeddable":true,"href":"https:\/\/dekkbi.com\/index.php?rest_route=\/wp\/v2\/users\/1"}],"replies":[{"embeddable":true,"href":"https:\/\/dekkbi.com\/index.php?rest_route=%2Fwp%2Fv2%2Fcomments&post=6935"}],"version-history":[{"count":1,"href":"https:\/\/dekkbi.com\/index.php?rest_route=\/wp\/v2\/posts\/6935\/revisions"}],"predecessor-version":[{"id":6936,"href":"https:\/\/dekkbi.com\/index.php?rest_route=\/wp\/v2\/posts\/6935\/revisions\/6936"}],"wp:featuredmedia":[{"embeddable":true,"href":"https:\/\/dekkbi.com\/index.php?rest_route=\/wp\/v2\/media\/5716"}],"wp:attachment":[{"href":"https:\/\/dekkbi.com\/index.php?rest_route=%2Fwp%2Fv2%2Fmedia&parent=6935"}],"wp:term":[{"taxonomy":"category","embeddable":true,"href":"https:\/\/dekkbi.com\/index.php?rest_route=%2Fwp%2Fv2%2Fcategories&post=6935"},{"taxonomy":"post_tag","embeddable":true,"href":"https:\/\/dekkbi.com\/index.php?rest_route=%2Fwp%2Fv2%2Ftags&post=6935"}],"curies":[{"name":"wp","href":"https:\/\/api.w.org\/{rel}","templated":true}]}}