{"id":69347,"date":"2026-03-12T09:20:01","date_gmt":"2026-03-12T09:20:01","guid":{"rendered":"https:\/\/dekkbi.com\/?p=69347"},"modified":"2026-03-12T09:22:56","modified_gmt":"2026-03-12T09:22:56","slug":"gouvernance-ousmane-sonko-annonce-une-serie-de-communications-sur-les-grands-dossiers-nationaux","status":"publish","type":"post","link":"https:\/\/dekkbi.com\/?p=69347","title":{"rendered":"Gouvernance : Ousmane Sonko annonce une s\u00e9rie de communications sur les grands dossiers nationaux"},"content":{"rendered":"\n<p><strong>Le Premier ministre s\u00e9n\u00e9galais Ousmane Sonko a annonc\u00e9 le lancement prochain d\u2019une s\u00e9rie de communications publiques portant sur plusieurs dossiers jug\u00e9s strat\u00e9giques pour le pays. L\u2019annonce a \u00e9t\u00e9 faite en marge du Conseil des ministres du S\u00e9n\u00e9gal tenu ce mercredi 11 mars 2026<\/strong>.<\/p>\n\n\n\n<p>Lors de sa communication devant les membres du gouvernement, le chef du gouvernement a \u00e9voqu\u00e9 plusieurs axes prioritaires de l\u2019action gouvernementale, avant d\u2019informer le Conseil de la volont\u00e9 de l\u2019ex\u00e9cutif de mieux informer l\u2019opinion sur certains dossiers majeurs.<\/p>\n\n\n\n<h4 class=\"wp-block-heading\">Une premi\u00e8re communication pr\u00e9vue cette semaine<\/h4>\n\n\n\n<p>Selon le communiqu\u00e9 officiel, la premi\u00e8re intervention publique du gouvernement dans ce cadre devrait avoir lieu au cours de la semaine. Elle portera sur la ren\u00e9gociation des conventions et contrats conclus dans certains secteurs strat\u00e9giques.<\/p>\n\n\n\n<p>Cette initiative s\u2019inscrit dans la volont\u00e9 affich\u00e9e par les autorit\u00e9s de revisiter plusieurs accords jug\u00e9s importants pour les int\u00e9r\u00eats \u00e9conomiques du pays. Le gouvernement entend ainsi \u00e9clairer l\u2019opinion publique sur les orientations retenues et les d\u00e9marches engag\u00e9es.<\/p>\n\n\n\n<h4 class=\"wp-block-heading\">Une d\u00e9marche ax\u00e9e sur la transparence<\/h4>\n\n\n\n<p>\u00c0 travers cette s\u00e9rie de communications, l\u2019ex\u00e9cutif souhaite \u00e9galement instaurer un cadre d\u2019\u00e9changes plus r\u00e9gulier autour des grandes politiques publiques. L\u2019objectif est de permettre une meilleure compr\u00e9hension des r\u00e9formes en cours et des d\u00e9cisions prises par les autorit\u00e9s.<\/p>\n\n\n\n<p>La premi\u00e8re communication, consacr\u00e9e \u00e0 la question sensible des contrats dans les secteurs strat\u00e9giques, devrait ainsi marquer le d\u00e9but d\u2019un cycle d\u2019explications gouvernementales sur les dossiers majeurs de l\u2019actualit\u00e9 nationale.<\/p>\n","protected":false},"excerpt":{"rendered":"<p>Le Premier ministre s\u00e9n\u00e9galais Ousmane Sonko a annonc\u00e9 le lancement prochain d\u2019une s\u00e9rie de communications publiques portant sur plusieurs dossiers<\/p>\n","protected":false},"author":1,"featured_media":59987,"comment_status":"open","ping_status":"open","sticky":false,"template":"","format":"standard","meta":{"footnotes":""},"categories":[6],"tags":[],"class_list":["post-69347","post","type-post","status-publish","format-standard","has-post-thumbnail","hentry","category-politics"],"_links":{"self":[{"href":"https:\/\/dekkbi.com\/index.php?rest_route=\/wp\/v2\/posts\/69347","targetHints":{"allow":["GET"]}}],"collection":[{"href":"https:\/\/dekkbi.com\/index.php?rest_route=\/wp\/v2\/posts"}],"about":[{"href":"https:\/\/dekkbi.com\/index.php?rest_route=\/wp\/v2\/types\/post"}],"author":[{"embeddable":true,"href":"https:\/\/dekkbi.com\/index.php?rest_route=\/wp\/v2\/users\/1"}],"replies":[{"embeddable":true,"href":"https:\/\/dekkbi.com\/index.php?rest_route=%2Fwp%2Fv2%2Fcomments&post=69347"}],"version-history":[{"count":1,"href":"https:\/\/dekkbi.com\/index.php?rest_route=\/wp\/v2\/posts\/69347\/revisions"}],"predecessor-version":[{"id":69348,"href":"https:\/\/dekkbi.com\/index.php?rest_route=\/wp\/v2\/posts\/69347\/revisions\/69348"}],"wp:featuredmedia":[{"embeddable":true,"href":"https:\/\/dekkbi.com\/index.php?rest_route=\/wp\/v2\/media\/59987"}],"wp:attachment":[{"href":"https:\/\/dekkbi.com\/index.php?rest_route=%2Fwp%2Fv2%2Fmedia&parent=69347"}],"wp:term":[{"taxonomy":"category","embeddable":true,"href":"https:\/\/dekkbi.com\/index.php?rest_route=%2Fwp%2Fv2%2Fcategories&post=69347"},{"taxonomy":"post_tag","embeddable":true,"href":"https:\/\/dekkbi.com\/index.php?rest_route=%2Fwp%2Fv2%2Ftags&post=69347"}],"curies":[{"name":"wp","href":"https:\/\/api.w.org\/{rel}","templated":true}]}}