{"id":69344,"date":"2026-03-12T09:14:15","date_gmt":"2026-03-12T09:14:15","guid":{"rendered":"https:\/\/dekkbi.com\/?p=69344"},"modified":"2026-03-12T09:22:26","modified_gmt":"2026-03-12T09:22:26","slug":"fete-de-lindependance-thies-mise-sur-limplication-de-toute-la-region-pour-une-celebration-reussie-gouverneur","status":"publish","type":"post","link":"https:\/\/dekkbi.com\/?p=69344","title":{"rendered":"F\u00eate de l\u2019ind\u00e9pendance : Thi\u00e8s mise sur l\u2019implication de toute la r\u00e9gion pour une c\u00e9l\u00e9bration r\u00e9ussie (gouverneur)"},"content":{"rendered":"\n<p>Thi\u00e8s, (APS) \u2013 Le gouverneur de la r\u00e9gion de Thi\u00e8s, Sa\u00ebr Ndao, a insist\u00e9 mercredi, sur l\u2019implication de tous les d\u00e9partements dans les pr\u00e9paratifs de la c\u00e9l\u00e9bration de la f\u00eate de l\u2019ind\u00e9pendance, d\u00e9localis\u00e9e cette ann\u00e9e \u00e0 Thi\u00e8s, \u00e0 travers une approche inclusive mobilisant l\u2019ensemble des collectivit\u00e9s territoriales de la r\u00e9gion.<\/p>\n\n\n\n<p>Selon lui, le format retenu pour le d\u00e9fil\u00e9 officiel int\u00e8gre d\u00e9j\u00e0 des participants issus des trois d\u00e9partements de la r\u00e9gion. \u201dNous avons un format qui prend en compte tous les d\u00e9partements. Des d\u00e9filants viendront de Tivaouane et de Mbour. Nous avons \u00e9galement choisi des \u00e9coles de Mbour, de Tivaouane et de Thi\u00e8s pour participer au d\u00e9fil\u00e9\u201d, a pr\u00e9cis\u00e9 l\u2019autorit\u00e9 administrative.<\/p>\n\n\n\n<p>M. Ndao recevait une \u00e9quipe de l\u2019Agence de presse s\u00e9n\u00e9galaise, en pr\u00e9lude \u00e0 la c\u00e9l\u00e9bration de l\u2019ind\u00e9pendance qui a \u00e9t\u00e9 d\u00e9localis\u00e9e cette ann\u00e9e dans la cit\u00e9 du rail.<\/p>\n\n\n\n<p>Cette d\u00e9marche adopt\u00e9e vise, d\u2019apr\u00e8s le gouverneur, \u00e0 assurer une repr\u00e9sentation \u00e9quilibr\u00e9e de l\u2019ensemble des d\u00e9partements dans cette manifestation nationale, tout en renfor\u00e7ant l\u2019implication des autorit\u00e9s locales dans l\u2019organisation de l\u2019\u00e9v\u00e9nement.<\/p>\n\n\n\n<p>Au-del\u00e0 du d\u00e9fil\u00e9, M. Ndao estime que la c\u00e9l\u00e9bration constitue une opportunit\u00e9 de valoriser l\u2019histoire et le parcours de d\u00e9veloppement de la r\u00e9gion. \u201dCes moments forts doivent permettre de faire revivre l\u2019histoire de Thi\u00e8s, de montrer d\u2019o\u00f9 vient la r\u00e9gion, les \u00e9tapes qu\u2019elle a travers\u00e9es dans son d\u00e9veloppement et les perspectives qui s\u2019ouvrent devant elle\u201d, a-t-il d\u00e9clar\u00e9.<\/p>\n\n\n\n<p>Il a \u00e9galement insist\u00e9 sur la dimension territoriale et \u00e9conomique de l\u2019\u00e9v\u00e9nement, \u00e0 travers la promotion de l\u2019\u201d attractivit\u00e9 locale\u201d, invitant, \u00e0 ce propos, les collectivit\u00e9s territoriales \u00e0 mettre en place des initiatives visant \u00e0 valoriser leurs potentialit\u00e9s.<\/p>\n\n\n\n<p>\u201dChaque maire est conscient que, dans sa localit\u00e9, il devra proposer un programme d\u2019attractivit\u00e9 permettant \u00e0 chaque S\u00e9n\u00e9galais de se sentir concern\u00e9 par cette f\u00eate\u201d, a-t-il indiqu\u00e9, \u00e9voquant une mobilisation destin\u00e9e \u00e0 \u2019\u2019mettre toute la r\u00e9gion en synergie\u201d.<\/p>\n\n\n\n<p>Dans cette dynamique, le gouverneur a rappel\u00e9 que l\u2019organisation repose sur une approche territoriale coordonn\u00e9e par l\u2019administration r\u00e9gionale, avec l\u2019implication des pr\u00e9fets et des maires. \u201dL\u2019approche par le gouverneur permet de mailler toute la r\u00e9gion. Dans le dispositif que nous avons mis en place, les pr\u00e9fets et les maires sont impliqu\u00e9s \u00e0 tous les niveaux\u2019\u2019, a-t-il conclu.<\/p>\n\n\n\n<p>MKB\/ADI\/ADC<\/p>\n","protected":false},"excerpt":{"rendered":"<p>Thi\u00e8s, (APS) \u2013 Le gouverneur de la r\u00e9gion de Thi\u00e8s, Sa\u00ebr Ndao, a insist\u00e9 mercredi, sur l\u2019implication de tous les<\/p>\n","protected":false},"author":1,"featured_media":69345,"comment_status":"open","ping_status":"open","sticky":false,"template":"","format":"standard","meta":{"footnotes":""},"categories":[6],"tags":[],"class_list":["post-69344","post","type-post","status-publish","format-standard","has-post-thumbnail","hentry","category-politics"],"_links":{"self":[{"href":"https:\/\/dekkbi.com\/index.php?rest_route=\/wp\/v2\/posts\/69344","targetHints":{"allow":["GET"]}}],"collection":[{"href":"https:\/\/dekkbi.com\/index.php?rest_route=\/wp\/v2\/posts"}],"about":[{"href":"https:\/\/dekkbi.com\/index.php?rest_route=\/wp\/v2\/types\/post"}],"author":[{"embeddable":true,"href":"https:\/\/dekkbi.com\/index.php?rest_route=\/wp\/v2\/users\/1"}],"replies":[{"embeddable":true,"href":"https:\/\/dekkbi.com\/index.php?rest_route=%2Fwp%2Fv2%2Fcomments&post=69344"}],"version-history":[{"count":1,"href":"https:\/\/dekkbi.com\/index.php?rest_route=\/wp\/v2\/posts\/69344\/revisions"}],"predecessor-version":[{"id":69346,"href":"https:\/\/dekkbi.com\/index.php?rest_route=\/wp\/v2\/posts\/69344\/revisions\/69346"}],"wp:featuredmedia":[{"embeddable":true,"href":"https:\/\/dekkbi.com\/index.php?rest_route=\/wp\/v2\/media\/69345"}],"wp:attachment":[{"href":"https:\/\/dekkbi.com\/index.php?rest_route=%2Fwp%2Fv2%2Fmedia&parent=69344"}],"wp:term":[{"taxonomy":"category","embeddable":true,"href":"https:\/\/dekkbi.com\/index.php?rest_route=%2Fwp%2Fv2%2Fcategories&post=69344"},{"taxonomy":"post_tag","embeddable":true,"href":"https:\/\/dekkbi.com\/index.php?rest_route=%2Fwp%2Fv2%2Ftags&post=69344"}],"curies":[{"name":"wp","href":"https:\/\/api.w.org\/{rel}","templated":true}]}}