{"id":69341,"date":"2026-03-12T09:07:02","date_gmt":"2026-03-12T09:07:02","guid":{"rendered":"https:\/\/dekkbi.com\/?p=69341"},"modified":"2026-03-12T09:22:00","modified_gmt":"2026-03-12T09:22:00","slug":"me-bamba-cisse-sanctions-contre-les-actes-contre-nature-cest-un-delit-mais-la-peine-est-criminelle","status":"publish","type":"post","link":"https:\/\/dekkbi.com\/?p=69341","title":{"rendered":"Me Bamba Ciss\u00e9 \u2013 Sanctions contre les actes contre-nature: \u00ab c\u2019est un d\u00e9lit mais la peine est criminelle \u00bb"},"content":{"rendered":"\n<p><strong>C\u2019est fait. La loi durcissant les sanctions contre les actes contre nature a \u00e9t\u00e9 adopt\u00e9e, hier, \u00e0 l\u2019Assembl\u00e9e nationale. Cent trente-cinq d\u00e9put\u00e9s ont vot\u00e9 pour cette loi, il y a eu trois abstentions et aucun d\u00e9put\u00e9 n\u2019a vot\u00e9 contre. Pour le ministre de l\u2019Int\u00e9rieur et de la S\u00e9curit\u00e9, il s\u2019agit d\u2019une loi r\u00e9volutionnaire qui a \u00e9t\u00e9 bien r\u00e9dig\u00e9e<\/strong><\/p>\n\n\n\n<p>En lieu et place du ministre de la Justice, Yassine Fall, c\u2019est le ministre de l\u2019Int\u00e9rieur et de la S\u00e9curit\u00e9 publique, Me Mouhamadou Bamba Ciss\u00e9, qui a repr\u00e9sent\u00e9 le gouvernement, hier, lors de l\u2019examen du projet de loi modifiant l\u2019article 319 du Code p\u00e9nal. Et, sans aucune surprise, la loi est pass\u00e9e comme lettre \u00e0 la poste. Elle a \u00e9t\u00e9 adopt\u00e9e par 135 d\u00e9put\u00e9s. Il y a eu trois abstentions.<\/p>\n\n\n\n<h4 class=\"wp-block-heading\"><strong>Pourquoi le gouvernement a choisi le durcissement plut\u00f4t que la criminalisation<\/strong><\/h4>\n\n\n\n<p>Me Bamba Ciss\u00e9 a pr\u00e9cis\u00e9 que le maintien de la qualification d\u00e9lictuelle permet une r\u00e9pression plus imm\u00e9diate, notamment dans les cas de flagrant d\u00e9lit, o\u00f9 les faits peuvent \u00eatre rapidement port\u00e9s devant la juridiction comp\u00e9tente et sanctionn\u00e9s conform\u00e9ment \u00e0 la loi. \u00ab L\u2019efficacit\u00e9 de la r\u00e9forme r\u00e9side moins dans la qualification criminelle des faits que dans la certitude d\u2019une sanction plus rapide et effectivement applicable \u00bb, a-t-il soulign\u00e9. Avant d\u2019ajouter : \u00ab Le d\u00e9lit peut \u00eatre plus \u00e9lev\u00e9 que le crime en termes de peine. C\u2019est un d\u00e9lit, mais la peine est une peine criminelle. Le d\u00e9bat sur la criminalisation est un d\u00e9bat sans int\u00e9r\u00eat \u00bb.<\/p>\n\n\n\n<p>Selon lui, la mise en oeuvre de cette r\u00e9forme pourrait, \u00e0 terme, nourrir une r\u00e9flexion plus large sur la pertinence du maintien de la criminalisation de certaines autres infractions, au regard des contraintes proc\u00e9durales et p\u00e9nitentiaires qu\u2019elle implique.<\/p>\n\n\n\n<p><strong>\u00ab C\u2019est un d\u00e9lit mais la peine est criminelle \u00bb<\/strong><\/p>\n\n\n\n<p>Des d\u00e9put\u00e9s ont estim\u00e9, hier, lors de l\u2019examen du projet de loi durcissant la r\u00e9pression des actes contre nature, que les dispositions relatives \u00e0 la d\u00e9nonciation devraient \u00eatre revues. Selon eux, il s\u2019agit d\u2019\u00e9viter qu\u2019une r\u00e9pression trop s\u00e9v\u00e8re de la d\u00e9nonciation non suivie de preuve ne produise un effet dissuasif excessif. Les parlementaires ont ainsi averti qu\u2019une telle option risquerait de d\u00e9courager des signalements de bonne foi, y compris dans des situations particuli\u00e8rement graves.<\/p>\n\n\n\n<h4 class=\"wp-block-heading\">Le texte sanctionne aussi&nbsp; la d\u00e9nonciation publique formul\u00e9e sans preuve<\/h4>\n\n\n\n<p>R\u00e9pondant \u00e0 ces interpellations, le ministre Bamba Ciss\u00e9 a pr\u00e9cis\u00e9 que le projet de loi n\u2019a nullement pour objet d\u2019emp\u00eacher les citoyens de signaler aux autorit\u00e9s comp\u00e9tentes des faits qu\u2019ils estimeraient constitutifs d\u2019une infraction. \u00ab Le texte ne vise pas \u00e0 r\u00e9primer la d\u00e9nonciation en elle-m\u00eame, mais la d\u00e9nonciation publique formul\u00e9e sans preuve et inspir\u00e9e par une intention de nuire, notamment lorsqu\u2019elle intervient sur les r\u00e9seaux sociaux ou par tout autre moyen de diffusion publique \u00bb, a-t-il soulign\u00e9.<\/p>\n\n\n\n<p>Selon lui, l\u2019encadrement ainsi pr\u00e9vu vise \u00e0 pr\u00e9venir les accusations infond\u00e9es, les atteintes \u00e0 l\u2019honneur et les mises en cause malveillantes, tout en maintenant la possibilit\u00e9 de signalements r\u00e9guliers aupr\u00e8s des autorit\u00e9s l\u00e9galement comp\u00e9tentes.<\/p>\n\n\n\n<p>R\u00e9pondant \u00e9galement aux interrogations soulev\u00e9es au sujet des engagements internationaux du S\u00e9n\u00e9gal, le ministre a soutenu que la r\u00e9forme propos\u00e9e ne m\u00e9conna\u00eet ni la Charte africaine des droits de l\u2019homme et des peuples ni les autres instruments internationaux relatifs aux droits de l\u2019homme. Il a affirm\u00e9 qu\u2019il n\u2019existe aucune discrimination au sens juridique du terme, d\u00e8s lors que le texte r\u00e9prime des actes et faits d\u00e9termin\u00e9s que le l\u00e9gislateur entend prohiber.<\/p>\n\n\n\n<p><strong>Par Aliou DIOUF et Souleymane WANE<\/strong><br>LESOLEIL<\/p>\n","protected":false},"excerpt":{"rendered":"<p>C\u2019est fait. La loi durcissant les sanctions contre les actes contre nature a \u00e9t\u00e9 adopt\u00e9e, hier, \u00e0 l\u2019Assembl\u00e9e nationale. Cent<\/p>\n","protected":false},"author":1,"featured_media":69342,"comment_status":"open","ping_status":"open","sticky":false,"template":"","format":"standard","meta":{"footnotes":""},"categories":[6],"tags":[],"class_list":["post-69341","post","type-post","status-publish","format-standard","has-post-thumbnail","hentry","category-politics"],"_links":{"self":[{"href":"https:\/\/dekkbi.com\/index.php?rest_route=\/wp\/v2\/posts\/69341","targetHints":{"allow":["GET"]}}],"collection":[{"href":"https:\/\/dekkbi.com\/index.php?rest_route=\/wp\/v2\/posts"}],"about":[{"href":"https:\/\/dekkbi.com\/index.php?rest_route=\/wp\/v2\/types\/post"}],"author":[{"embeddable":true,"href":"https:\/\/dekkbi.com\/index.php?rest_route=\/wp\/v2\/users\/1"}],"replies":[{"embeddable":true,"href":"https:\/\/dekkbi.com\/index.php?rest_route=%2Fwp%2Fv2%2Fcomments&post=69341"}],"version-history":[{"count":1,"href":"https:\/\/dekkbi.com\/index.php?rest_route=\/wp\/v2\/posts\/69341\/revisions"}],"predecessor-version":[{"id":69343,"href":"https:\/\/dekkbi.com\/index.php?rest_route=\/wp\/v2\/posts\/69341\/revisions\/69343"}],"wp:featuredmedia":[{"embeddable":true,"href":"https:\/\/dekkbi.com\/index.php?rest_route=\/wp\/v2\/media\/69342"}],"wp:attachment":[{"href":"https:\/\/dekkbi.com\/index.php?rest_route=%2Fwp%2Fv2%2Fmedia&parent=69341"}],"wp:term":[{"taxonomy":"category","embeddable":true,"href":"https:\/\/dekkbi.com\/index.php?rest_route=%2Fwp%2Fv2%2Fcategories&post=69341"},{"taxonomy":"post_tag","embeddable":true,"href":"https:\/\/dekkbi.com\/index.php?rest_route=%2Fwp%2Fv2%2Ftags&post=69341"}],"curies":[{"name":"wp","href":"https:\/\/api.w.org\/{rel}","templated":true}]}}