{"id":69325,"date":"2026-03-11T12:36:01","date_gmt":"2026-03-11T12:36:01","guid":{"rendered":"https:\/\/dekkbi.com\/?p=69325"},"modified":"2026-03-11T12:36:02","modified_gmt":"2026-03-11T12:36:02","slug":"il-naurait-jamais-du-etre-nomme-pourquoi-le-president-de-madagascar-desavoue-le-premier-ministre-et-son-gouvernement","status":"publish","type":"post","link":"https:\/\/dekkbi.com\/?p=69325","title":{"rendered":"\u00ab\u00a0Il n&rsquo;aurait jamais d\u00fb \u00eatre nomm\u00e9\u00a0\u00bb: pourquoi le pr\u00e9sident de Madagascar d\u00e9savoue le Premier ministre et son gouvernement"},"content":{"rendered":"\n<p>Le pr\u00e9sident de la Refondation de la R\u00e9publique de Madagascar a annonc\u00e9, le 9 mars, la dissolution du gouvernement du Premier ministre Herintsalama nomm\u00e9 il y a pr\u00e8s de cinq mois. Cette rupture intervient alors que les critiques de la Gen Z se font plus fortes contre les institutions en place.&nbsp;<\/p>\n\n\n\n<p>L&rsquo;annonce de la dissolution du gouvernement malgache a \u00e9t\u00e9 accueilli avec surprise dans la presse malgache. Elle a \u00e9t\u00e9 rendue publique dans un communiqu\u00e9 de la pr\u00e9sidence de la Refondation de la R\u00e9publique de Madagascar lundi 9 mars 2026. Nomm\u00e9 par le colonel Randrianirina quelques jours seulement apr\u00e8s son accession au pouvoir, Herintsalama Rajaonarivelo n&rsquo;a pas fait ses preuves pour le chef de l&rsquo;\u00c9tat.&nbsp;<\/p>\n\n\n\n<p><em>\u00ab\u00a0Le Pr\u00e9sident de la refondation de la R\u00e9publique annonce que, conform\u00e9ment aux dispositions de la Constitution, le gouvernement est suspendu de ses fonctions. Il proc\u00e9dera prochainement \u00e0 la nomination d&rsquo;un nouveau Premier ministre, selon la proc\u00e9dure pr\u00e9vue par la Constitution\u00a0\u00bb<\/em>, indique le\u00a0bref communiqu\u00e9 de la pr\u00e9sidence malgache. \u00ab\u00a0<em>Il n\u2019aurait jamais d\u00fb \u00eatre nomm\u00e9, \u00e7a partait mal d\u00e8s le d\u00e9part\u201d<\/em><strong>\u00a0<\/strong>ont confi\u00e9 \u00e0 TV5MONDE plusieurs sources du secteur priv\u00e9 dont il est issu.<\/p>\n\n\n\n<p>La pr\u00e9sidence n&rsquo;a fourni aucune explication concernant cette d\u00e9cision de d\u00e9mettre le Premier ministre Herintsalama Rajaonarivelo.\u00a0<em>\u00ab\u00a0J&rsquo;accepte sereinement et sans r\u00e9serve la d\u00e9cision du pr\u00e9sident de la Refondation de mettre fin \u00e0 mes fonctions de Premier ministre\u00a0\u00bb<\/em>, \u00e9crit l&rsquo;ex-chef du gouvernement ce mardi 10 mars\u00a0dans un communiqu\u00e9.<\/p>\n\n\n\n<p>Cette dissolution intervient dans un contexte de sinistre national apr\u00e8s le passage de cyclones d\u00e9vastateurs Fytia puis Gezani. En attendant la formation d&rsquo;un nouveau gouvernement, la gestion des affaires courantes sera assur\u00e9e par les secr\u00e9taires g\u00e9n\u00e9raux de chaque minist\u00e8re.<\/p>\n\n\n\n<h2 class=\"wp-block-heading\">Le profil peu convaincant du Premier ministre &nbsp;<\/h2>\n\n\n\n<p>D\u00e8s sa nomination sans concertation par le colonel Randrianirina, le Premier ministre Herintsalama Rajaonarivelo faisait l&rsquo;objet de critiques de la Gen Z. On lui reproche notamment&nbsp;des \u00ab\u00a0casseroles\u00a0\u00bb et la r\u00e9putation controvers\u00e9e qui le pr\u00e9c\u00e9daient dans le milieux des affaires mais qui n&rsquo;ont \u00e9t\u00e9 r\u00e9v\u00e9l\u00e9es qu&rsquo;apr\u00e8s sa nomination&#8230; Un exemple: son r\u00f4le pass\u00e9 d\u2019administrateur dans des soci\u00e9t\u00e9s accus\u00e9es de pratiques opaques comme la&nbsp;<em>Cnaps<\/em>&nbsp;ou&nbsp;<em>Madarail,<\/em>&nbsp;une soci\u00e9t\u00e9 qui appartient au sulfureux homme d&rsquo;affaires Mamy Ravatomanga. Il \u00e9tait tr\u00e8s proche de certains caciques de l\u2019ancien r\u00e9gime corrompu de Rajoelina, dont il n\u2019a jamais pris ses distances publiquement.&nbsp;<\/p>\n\n\n\n<p>Quant \u00e0 son gouvernement nomm\u00e9 fin octobre, il n&rsquo;avait pas plus convaincu avec la participation de nombreuses figures politiques controvers\u00e9es, aux antipodes des aspirations \u00e0 un changement radical de politique port\u00e9es par la jeunesse lors des manifestations.&nbsp;Le 3 mars, des repr\u00e9sentants du mouvement ont d\u00e9nonc\u00e9 lors d&rsquo;une conf\u00e9rence de presse dans la capitale Antananarivo une confiscation de leur r\u00e9volution par les \u00e9lites au pouvoir et ont demand\u00e9 la dissolution de la Haute Cour Constitutionnelle (HCC), la Commission \u00e9lectorale nationale ind\u00e9pendante (CENI) et l\u2019Assembl\u00e9e nationale.<\/p>\n","protected":false},"excerpt":{"rendered":"<p>Le pr\u00e9sident de la Refondation de la R\u00e9publique de Madagascar a annonc\u00e9, le 9 mars, la dissolution du gouvernement du<\/p>\n","protected":false},"author":1,"featured_media":69326,"comment_status":"open","ping_status":"open","sticky":false,"template":"","format":"standard","meta":{"footnotes":""},"categories":[51],"tags":[],"class_list":["post-69325","post","type-post","status-publish","format-standard","has-post-thumbnail","hentry","category-general"],"_links":{"self":[{"href":"https:\/\/dekkbi.com\/index.php?rest_route=\/wp\/v2\/posts\/69325","targetHints":{"allow":["GET"]}}],"collection":[{"href":"https:\/\/dekkbi.com\/index.php?rest_route=\/wp\/v2\/posts"}],"about":[{"href":"https:\/\/dekkbi.com\/index.php?rest_route=\/wp\/v2\/types\/post"}],"author":[{"embeddable":true,"href":"https:\/\/dekkbi.com\/index.php?rest_route=\/wp\/v2\/users\/1"}],"replies":[{"embeddable":true,"href":"https:\/\/dekkbi.com\/index.php?rest_route=%2Fwp%2Fv2%2Fcomments&post=69325"}],"version-history":[{"count":1,"href":"https:\/\/dekkbi.com\/index.php?rest_route=\/wp\/v2\/posts\/69325\/revisions"}],"predecessor-version":[{"id":69327,"href":"https:\/\/dekkbi.com\/index.php?rest_route=\/wp\/v2\/posts\/69325\/revisions\/69327"}],"wp:featuredmedia":[{"embeddable":true,"href":"https:\/\/dekkbi.com\/index.php?rest_route=\/wp\/v2\/media\/69326"}],"wp:attachment":[{"href":"https:\/\/dekkbi.com\/index.php?rest_route=%2Fwp%2Fv2%2Fmedia&parent=69325"}],"wp:term":[{"taxonomy":"category","embeddable":true,"href":"https:\/\/dekkbi.com\/index.php?rest_route=%2Fwp%2Fv2%2Fcategories&post=69325"},{"taxonomy":"post_tag","embeddable":true,"href":"https:\/\/dekkbi.com\/index.php?rest_route=%2Fwp%2Fv2%2Ftags&post=69325"}],"curies":[{"name":"wp","href":"https:\/\/api.w.org\/{rel}","templated":true}]}}