{"id":69323,"date":"2026-03-11T12:24:07","date_gmt":"2026-03-11T12:24:07","guid":{"rendered":"https:\/\/dekkbi.com\/?p=69323"},"modified":"2026-03-11T12:24:08","modified_gmt":"2026-03-11T12:24:08","slug":"iran-le-nouveau-guide-supreme-mojtaba-khamenei-serait-sain-et-sauf-malgre-ses-blessures-selon-des-sources-iraniennes","status":"publish","type":"post","link":"https:\/\/dekkbi.com\/?p=69323","title":{"rendered":"Iran: le nouveau guide supr\u00eame Mojtaba Khamenei serait \u00ab\u00a0sain et sauf\u00a0\u00bb malgr\u00e9 ses blessures, selon des sources iraniennes"},"content":{"rendered":"\n<p>Le nouveau guide supr\u00eame iranien Mojtaba Khamenei, serait<em>\u00a0\u00ab\u00a0sain et sauf\u00a0\u00bb\u00a0<\/em>malgr\u00e9 ses blessures, a affirm\u00e9 ce mercredi 11 mars le fils du pr\u00e9sident iranien sur son compte Telegram. Il aurait \u00e9t\u00e9 bless\u00e9 notamment aux jambes au d\u00e9but de la guerre.<\/p>\n\n\n\n<p>Par  &#8211; Pascale Veysset  &#8211; avec AFP<\/p>\n\n\n\n<p><em>\u00ab\u00a0J&rsquo;ai entendu les informations disant que M. Mojtaba Khamenei avait \u00e9t\u00e9 bless\u00e9. J&rsquo;ai demand\u00e9 \u00e0 des amis qui ont des connections. Ils m&rsquo;ont dit que, gr\u00e2ce \u00e0 Dieu, il \u00e9tait sain et sauf<\/em>\u00ab\u00a0, a \u00e9crit Yousef Pezeshkian, qui est aussi conseiller du gouvernement.\u00a0Mojtaba Khamenei\u00a0aurait \u00e9t\u00e9 bless\u00e9 durant le raid qui a tu\u00e9 son p\u00e8re au premier jour de l&rsquo;offensive isra\u00e9lo-am\u00e9ricaine le 28 f\u00e9vrier, mais les d\u00e9tails sur la gravit\u00e9 de ses blessures ne sont pas connus et il n&rsquo;est pas apparu en public depuis.<\/p>\n\n\n\n<p>Selon le New York Times qui cite mercredi trois responsables iraniens, il\u00a0<em>\u00ab\u00a0a \u00e9t\u00e9 bless\u00e9 notamment aux jambes, mais est conscient et \u00e0 l&rsquo;abri dans un endroit hautement s\u00e9curis\u00e9 avec des possibilit\u00e9s de communication limit\u00e9es\u00a0\u00bb.\u00a0<\/em>Le journal cite aussi deux responsables militaires isra\u00e9liens confirmant ces blessures, des informations que les renseignements isra\u00e9liens auraient obtenues avant qu&rsquo;il ne soit d\u00e9sign\u00e9 nouveau guide supr\u00eame dimanche.<\/p>\n\n\n\n<p>Malgr\u00e9 la mort de nombreux responsables et les d\u00e9g\u00e2ts consid\u00e9rables provoqu\u00e9s par les frappes, les dirigeants de la R\u00e9publique islamique cherchent \u00e0 projeter une image de solidit\u00e9 et de continuit\u00e9.<\/p>\n\n\n\n<p>En t\u00e9moigne l&rsquo;\u00e9lection dimanche de Mojtaba Khamenei, le fils d&rsquo;Ali Khamenei, au poste de guide supr\u00eame, le plus important du pays. Ce religieux de 56 ans est consid\u00e9r\u00e9 comme un dur, ayant particip\u00e9 \u00e0 la r\u00e9pression de vagues de manifestations remontant au mouvement pro-d\u00e9mocratie de 2009.<\/p>\n\n\n\n<p>Des dizaines de milliers de personnes se sont rassembl\u00e9es lundi \u00e0 T\u00e9h\u00e9ran pour lui pr\u00eater all\u00e9geance, tandis que d&rsquo;autres manifestations pro-gouvernementales \u00e0 travers le pays \u00e9taient recens\u00e9es par les m\u00e9dias d&rsquo;\u00c9tat.<\/p>\n\n\n\n<p>Pour Ali Ansari, professeur d&rsquo;histoire iranienne \u00e0 l&rsquo;universit\u00e9 de St Andrews, au Royaume-Uni, il est extr\u00eamement difficile d&rsquo;\u00e9valuer les cons\u00e9quences de la guerre sur l&rsquo;opinion publique iranienne. Aupr\u00e8s de l&rsquo;AFP, il se dit sceptique quant \u00e0 l&rsquo;id\u00e9e d&rsquo;un quelconque&nbsp;<em>\u00ab\u00a0regain\u00a0\u00bb<\/em>&nbsp;de popularit\u00e9 du gouvernement ou d&rsquo;un \u00e9lan nationaliste en sa faveur.<\/p>\n\n\n\n<blockquote class=\"wp-block-quote is-layout-flow wp-block-quote-is-layout-flow\">\n<p>\u00ab\u00a0Je ne pense pas que bombarder un d\u00e9p\u00f4t de carburant ait \u00e9t\u00e9 une bonne id\u00e9e, mais je serais surpris que la haine envers le r\u00e9gime s&rsquo;att\u00e9nue\u00a0\u00bb.<\/p>\n\n\n\n<p>Ali Ansari, professeur d&rsquo;histoire iranienne&nbsp;<\/p>\n<\/blockquote>\n\n\n\n<p><em>\u00ab\u00a0Une fois que les bombardements cesseront, il faudra \u00eatre tr\u00e8s attentif \u00e0 ce qui se passe\u00a0\u00bb<\/em>, selon l&rsquo;expert.&nbsp;<em>\u00ab\u00a0Je pense que si la R\u00e9publique islamique survit, elle sera tellement amoindrie qu&rsquo;elle ne pourra plus faire grand-chose\u00a0\u00bb.<\/em><video preload=\"auto\" src=\"https:\/\/vodinfo.tv5monde.com\/videos\/7f\/6599581.mp4\"><\/video>Lire la vid\u00e9o<\/p>\n\n\n\n<p>L&rsquo;Iran a revendiqu\u00e9 mercredi une offensive de grande ampleur et cibl\u00e9 un champ p\u00e9trolier en Arabie saoudite, au moment o\u00f9 l&rsquo;Agence internationale de l&rsquo;\u00e9nergie (AIE) envisage un recours sans pr\u00e9c\u00e9dent aux r\u00e9serves strat\u00e9giques face \u00e0 la flamb\u00e9e des cours du brut.<\/p>\n\n\n\n<h2 class=\"wp-block-heading\">\u00ab\u00a0La coordination \u00e9conomique est un enjeu central\u00a0\u00bb<\/h2>\n\n\n\n<p>Les dirigeants du G7 doivent se r\u00e9unir par visioconf\u00e9rence mercredi \u00e0 15h00 sur l&rsquo;impact \u00e9conomique du conflit, qui affole les prix du p\u00e9trole et menace d&rsquo;asphyxier l&rsquo;\u00e9conomie mondiale.<\/p>\n\n\n\n<p><em>\u00ab\u00a0Il s&rsquo;agira de la premi\u00e8re discussion sur cet enjeu entre membres du G7. La coordination \u00e9conomique est un enjeu central pour avoir une r\u00e9ponse efficace et utile \u00e0 la situation\u00a0\u00bb<\/em>, a annonc\u00e9 l&rsquo;Elys\u00e9e, la France pr\u00e9sidant cette ann\u00e9e le G7 des pays les plus industrialis\u00e9s.<\/p>\n\n\n\n<p>Le d\u00e9blocage par les grands pays d&rsquo;un volume sans pr\u00e9c\u00e9dent de leurs r\u00e9serves, sup\u00e9rieur \u00e0 celui consenti lors de l&rsquo;invasion russe de l&rsquo;Ukraine en 2022, devrait \u00eatre act\u00e9 dans la journ\u00e9e, selon le Wall Street Journal.<\/p>\n\n\n\n<p>Ce mercredi, plusieurs explosions ont \u00e9t\u00e9 entendues par des journalistes de l&rsquo;AFP \u00e0 Doha, o\u00f9 le minist\u00e8re qatari de l&rsquo;Int\u00e9rieur a fait \u00e9tat d&rsquo;un<em>&nbsp;\u00ab\u00a0niveau de menace s\u00e9curitaire \u00e9lev\u00e9\u00a0\u00bb<\/em>, et un navire a \u00e9t\u00e9 touch\u00e9 par un&nbsp;<em>\u00ab\u00a0projectile inconnu\u00a0\u00bb<\/em>&nbsp;dans le d\u00e9troit d&rsquo;Ormuz.<video preload=\"auto\" src=\"https:\/\/vodinfo.tv5monde.com\/videos\/7f\/6599581.mp4\"><\/video>Lire la vid\u00e9o<\/p>\n\n\n\n<p>Un nouveau navire a \u00e9t\u00e9 \u00e9galement touch\u00e9 par un&nbsp;<em>\u00ab\u00a0projectile inconnu<\/em>\u00a0\u00bb au large des Emirats arabes unis, le deuxi\u00e8me en quelques heures, a indiqu\u00e9 l&rsquo;agence de s\u00e9curit\u00e9 maritime britannique (UKMTO).<br>Le capitaine d&rsquo;un vraquier, qui se situait \u00e0 50 milles nautiques au nord-ouest de Duba\u00ef,&nbsp;<em>\u00ab\u00a0a signal\u00e9 que son bateau avait \u00e9t\u00e9 touch\u00e9 par un projectile inconnu\u00a0\u00bb<\/em>, selon l&rsquo;agence.&nbsp;<em>\u00ab\u00a0Aucun impact environnemental n&rsquo;a \u00e9t\u00e9 rapport\u00e9. L&rsquo;\u00e9quipage est sain et sauf\u00a0\u00bb<\/em>, a-t-elle ajout\u00e9.<br>Un porte-conteneurs avait \u00e9t\u00e9 endommag\u00e9 plus t\u00f4t par un projectile au large de ce pays du Golfe, tandis qu&rsquo;un autre navire a \u00e9t\u00e9 touch\u00e9 dans le d\u00e9troit d&rsquo;Ormuz au large d&rsquo;Oman, d&rsquo;apr\u00e8s l&rsquo;UKMTO.<\/p>\n\n\n\n<h2 class=\"wp-block-heading\">Des drones tomb\u00e9s pr\u00e8s de l&rsquo;a\u00e9roport de Duba\u00ef<\/h2>\n\n\n\n<p>Deux drones sont tomb\u00e9s pr\u00e8s de l&rsquo;a\u00e9roport de Duba\u00ef mercredi, blessant quatre personnes, mais le trafic n&rsquo;a pas \u00e9t\u00e9 affect\u00e9, ont annonc\u00e9 les autorit\u00e9s de l&rsquo;\u00e9mirat du Golfe dans un communiqu\u00e9, au douzi\u00e8me jour de la guerre.<\/p>\n\n\n\n<p><em>\u00ab\u00a0Deux drones sont tomb\u00e9s il y a peu dans le secteur de l&rsquo;a\u00e9roport international de Duba\u00ef\u00a0\u00bb<\/em>, faisant quatre bless\u00e9s, deux ressortissants ghan\u00e9ens, un bangladais et un indien.&nbsp;<em>\u00ab\u00a0Le trafic a\u00e9rien fonctionne normalement\u00a0\u00bb<\/em>, selon le communiqu\u00e9.<\/p>\n\n\n\n<h2 class=\"wp-block-heading\">Le coeur de Beyrouth de nouveau vis\u00e9<\/h2>\n\n\n\n<p>L&rsquo;arm\u00e9e isra\u00e9lienne a vis\u00e9 ce mercredi matin un quartier dens\u00e9ment peupl\u00e9 du coeur de&nbsp;<a href=\"https:\/\/information.tv5monde.com\/international\/Isra%C3%ABl%20bombarde%20Beyrouth%20et%20T%C3%A9h%C3%A9ran,%20l&amp;apos;Iran%20appelle%20le%20Conseil%20de%20s%C3%A9curit%C3%A9%20de%20l&amp;apos;ONU%20%C3%A0%20%22agir%22\" target=\"_blank\" rel=\"noreferrer noopener\">Beyrouth<\/a>, pour la deuxi\u00e8me fois depuis dimanche, tout en poursuivant son pilonnage des bastions du Hezbollah au Liban qui a fait quelque 500 morts et des centaines de d\u00e9plac\u00e9s.<\/p>\n\n\n\n<p>Le Liban a \u00e9t\u00e9 entra\u00een\u00e9 le 2 mars dans la guerre r\u00e9gionale contre T\u00e9h\u00e9ran lorsque le Hezbollah pro-iranien a lanc\u00e9 une attaque sur Isra\u00ebl, qui depuis m\u00e8ne une vaste campagne de frappes a\u00e9riennes.<\/p>\n\n\n\n<figure class=\"wp-block-image\"><img decoding=\"async\" src=\"https:\/\/information.tv5monde.com\/sites\/tv5-info\/files\/styles\/entete\/public\/2026-03\/AP26070232199606.jpg?itok=fdN0-X47\" alt=\"beyrouth\" title=\"beyrouth\"\/><\/figure>\n\n\n\n<p>Des secouristes se rassemblent sur le site o\u00f9 des frappes a\u00e9riennes isra\u00e9liennes ont touch\u00e9 des immeubles \u00e0 Beyrouth, au Liban, le mercredi 11 mars 2026.&nbsp;<\/p>\n\n\n\n<p>@Photo AP\/Hussein Malla<\/p>\n\n\n\n<p>La frappe a touch\u00e9 un immeuble du quartier de A\u00efcha Bakkar \u00e0 Beyrouth, selon l&rsquo;agence de presse officielle Ani. Un secouriste a affirm\u00e9 avoir retir\u00e9 avec ses camarades des victimes des d\u00e9combres, mais aucun bilan officiel n&rsquo;a pour l&rsquo;heure \u00e9t\u00e9 annonc\u00e9.<\/p>\n","protected":false},"excerpt":{"rendered":"<p>Le nouveau guide supr\u00eame iranien Mojtaba Khamenei, serait\u00a0\u00ab\u00a0sain et sauf\u00a0\u00bb\u00a0malgr\u00e9 ses blessures, a affirm\u00e9 ce mercredi 11 mars le fils<\/p>\n","protected":false},"author":1,"featured_media":69139,"comment_status":"open","ping_status":"open","sticky":false,"template":"","format":"standard","meta":{"footnotes":""},"categories":[51],"tags":[],"class_list":["post-69323","post","type-post","status-publish","format-standard","has-post-thumbnail","hentry","category-general"],"_links":{"self":[{"href":"https:\/\/dekkbi.com\/index.php?rest_route=\/wp\/v2\/posts\/69323","targetHints":{"allow":["GET"]}}],"collection":[{"href":"https:\/\/dekkbi.com\/index.php?rest_route=\/wp\/v2\/posts"}],"about":[{"href":"https:\/\/dekkbi.com\/index.php?rest_route=\/wp\/v2\/types\/post"}],"author":[{"embeddable":true,"href":"https:\/\/dekkbi.com\/index.php?rest_route=\/wp\/v2\/users\/1"}],"replies":[{"embeddable":true,"href":"https:\/\/dekkbi.com\/index.php?rest_route=%2Fwp%2Fv2%2Fcomments&post=69323"}],"version-history":[{"count":1,"href":"https:\/\/dekkbi.com\/index.php?rest_route=\/wp\/v2\/posts\/69323\/revisions"}],"predecessor-version":[{"id":69324,"href":"https:\/\/dekkbi.com\/index.php?rest_route=\/wp\/v2\/posts\/69323\/revisions\/69324"}],"wp:featuredmedia":[{"embeddable":true,"href":"https:\/\/dekkbi.com\/index.php?rest_route=\/wp\/v2\/media\/69139"}],"wp:attachment":[{"href":"https:\/\/dekkbi.com\/index.php?rest_route=%2Fwp%2Fv2%2Fmedia&parent=69323"}],"wp:term":[{"taxonomy":"category","embeddable":true,"href":"https:\/\/dekkbi.com\/index.php?rest_route=%2Fwp%2Fv2%2Fcategories&post=69323"},{"taxonomy":"post_tag","embeddable":true,"href":"https:\/\/dekkbi.com\/index.php?rest_route=%2Fwp%2Fv2%2Ftags&post=69323"}],"curies":[{"name":"wp","href":"https:\/\/api.w.org\/{rel}","templated":true}]}}