{"id":69320,"date":"2026-03-11T12:12:18","date_gmt":"2026-03-11T12:12:18","guid":{"rendered":"https:\/\/dekkbi.com\/?p=69320"},"modified":"2026-03-11T12:12:19","modified_gmt":"2026-03-11T12:12:19","slug":"guerre-au-moyen-orient-au-moins-570-morts-au-liban-depuis-debut-mars","status":"publish","type":"post","link":"https:\/\/dekkbi.com\/?p=69320","title":{"rendered":"Guerre au Moyen-Orient: au moins 570 morts au Liban depuis d\u00e9but mars"},"content":{"rendered":"\n<p>Mardi 10 mars, le ministre am\u00e9ricain de la D\u00e9fense a affirm\u00e9 que ce serait \u00ab&nbsp;<em>le jour le plus intense de frappes<\/em>&nbsp;\u00bb depuis le d\u00e9but de la guerre lanc\u00e9e contre l&rsquo;Iran. De son c\u00f4t\u00e9, le pr\u00e9sident du Parlement iranien a averti que son pays r\u00e9pliquerait \u00ab&nbsp;<em>\u0153il pour \u0153il, dent pour dent&nbsp;<\/em>\u00bb \u00e0 toute attaque contre ses infrastructures. Ce mercredi 11 mars au matin, Isra\u00ebl a annonc\u00e9 frapper le centre et la banlieue sud de la capitale libanaise, Beyrouth. Le minist\u00e8re de la Sant\u00e9 annonce qu&rsquo;au moins 570 personnes sont mortes depuis d\u00e9but mars.<\/p>\n\n\n\n<p>Par : R\u00e9daction Internet<\/p>\n\n\n\n<h2 class=\"wp-block-heading\">Ce qu&rsquo;il faut retenir<\/h2>\n\n\n\n<p>\u25ba Le ministre am\u00e9ricain de la D\u00e9fense, Pete Hegseth, a affirm\u00e9 que&nbsp;<strong>mardi serait \u00ab&nbsp;<em>le jour le plus intense de frappes&nbsp;<\/em>\u00bb<\/strong>&nbsp;depuis le d\u00e9but de la guerre lanc\u00e9e contre l&rsquo;Iran, alors que la veille Donald Trump avait indiqu\u00e9 que la guerre&nbsp;<strong>allait&nbsp;\u00ab&nbsp;<em>se terminer bient\u00f4t<\/em>&nbsp;\u00bb<\/strong>, estimant que le conflit \u00e9tait \u00ab&nbsp;<em>bien en avance<\/em>&nbsp;\u00bb sur le calendrier de quatre \u00e0 cinq semaines qu\u2019il avait \u00e9voqu\u00e9 auparavant.&nbsp;<\/p>\n\n\n\n<p>\u25ba&nbsp;<strong>Le centre de la capitale libanaise a \u00e9t\u00e9 frapp\u00e9 t\u00f4t mercredi matin. La banlieue sud de Beyrouth<\/strong>, bastion du Hezbollah pro-iranien, a \u00e9t\u00e9&nbsp;<strong>vis\u00e9e par de nouvelles frappes isra\u00e9liennes<\/strong>, mardi et mercredi alors que le Liban enregistre plus de&nbsp;<strong>760 000 d\u00e9plac\u00e9s et 570 morts depuis d\u00e9but mars<\/strong>. L&rsquo;arm\u00e9e isra\u00e9lienne a aussi annonc\u00e9 avoir lanc\u00e9 une&nbsp;<strong>nouvelle s\u00e9rie de frappes sur T\u00e9h\u00e9ran<\/strong>, apr\u00e8s avoir vis\u00e9 dans la nuit \u00ab&nbsp;<em>un complexe souterrain<\/em>&nbsp;\u00bb des Gardiens de la R\u00e9volution dans la capitale iranienne.<\/p>\n\n\n\n<p>\u25ba&nbsp;Au moins&nbsp;<strong>trois navires ont \u00e9t\u00e9 frapp\u00e9s mercredi \u00e0 proximit\u00e9 du d\u00e9troit d&rsquo;Ormuz<\/strong>, qui s&rsquo;impose comme l&rsquo;enjeu strat\u00e9gique majeur de la guerre au Moyen-Orient en faisant peser le risque de perturbations majeures de l&rsquo;\u00e9conomie mondiale.<\/p>\n\n\n\n<p>\u25ba&nbsp;<strong>L\u2019Iran n\u2019a&nbsp;\u00ab&nbsp;<em>pas peur&nbsp;<\/em>\u00bb&nbsp;des<em>&nbsp;\u00ab&nbsp;menaces vides&nbsp;<\/em>\u00bb&nbsp;<\/strong>de Donald Trump,<strong>&nbsp;<\/strong>a&nbsp;d\u00e9clar\u00e9 Ali Larijani, le chef du Conseil supr\u00eame de s\u00e9curit\u00e9 nationale iranien, en r\u00e9ponse au pr\u00e9sident am\u00e9ricain. Le pr\u00e9sident du Parlement iranien a pour sa part averti que son pays r\u00e9pliquerait&nbsp;<strong>\u00ab<em>&nbsp;\u0153il pour \u0153il, dent pour dent&nbsp;<\/em>\u00bb<\/strong>&nbsp;\u00e0 toute attaque contre ses infrastructures.&nbsp;L&rsquo;Iran a tir\u00e9 mardi une nouvelle salve de missiles vers Isra\u00ebl et des cibles am\u00e9ricaines au Moyen-Orient.<\/p>\n\n\n\n<p>\u25ba&nbsp;<strong>Les cours de l&rsquo;or noir<\/strong>&nbsp;<strong>acc\u00e9l\u00e8rent leur chute<\/strong>&nbsp;apr\u00e8s l&rsquo;annonce de la convocation par l&rsquo;Agence internationale de l&rsquo;\u00e9nergie (AIE) d&rsquo;une \u00ab&nbsp;<em>r\u00e9union extraordinaire<\/em>&nbsp;\u00bb de ses gouvernements membres face \u00e0 la flamb\u00e9e des prix du p\u00e9trole depuis le d\u00e9but de la guerre au Moyen-Orient.<\/p>\n\n\n\n<hr class=\"wp-block-separator has-alpha-channel-opacity\"\/>\n\n\n\n<h2 class=\"wp-block-heading\">Les Gardiens de la R\u00e9volution affirment avoir vis\u00e9 des bases am\u00e9ricaines au Kowe\u00eft et \u00e0 Bahre\u00efn<\/h2>\n\n\n\n<h2 class=\"wp-block-heading\">Pr\u00e8s de 20 000 b\u00e2timents civils endommag\u00e9s en Iran, selon le Croissant-Rouge iranien<\/h2>\n\n\n\n<p>Pr\u00e8s de 20 000 b\u00e2timents civils \u00e0 travers l&rsquo;Iran ont \u00e9t\u00e9 endommag\u00e9s pendant la guerre men\u00e9e par Isra\u00ebl et les \u00c9tats-Unis, a d\u00e9clar\u00e9 le Croissant-Rouge iranien.<\/p>\n\n\n\n<p>Parmi les sites endommag\u00e9s figurent des h\u00f4pitaux, des \u00e9coles et des centres d&rsquo;aide. Elle a indiqu\u00e9 que 77 centres m\u00e9dicaux et 65 \u00e9tablissements d&rsquo;enseignement figuraient parmi les b\u00e2timents touch\u00e9s.<\/p>\n\n\n\n<h2 class=\"wp-block-heading\">Le Japon d\u00e9bloquera des r\u00e9serves de p\u00e9trole d\u00e8s le 16 mars, selon la Premi\u00e8re ministre<\/h2>\n\n\n\n<h2 class=\"wp-block-heading\">L&rsquo;arm\u00e9e iranienne dit avoir vis\u00e9 la direction du renseignement militaire et une base navale en Isra\u00ebl<\/h2>\n\n\n\n<p>L&rsquo;arm\u00e9e iranienne a dit mercredi avoir vis\u00e9 plusieurs cibles en Isra\u00ebl, dont la direction du renseignement militaire et une base navale, parlant de frappes \u00ab&nbsp;<em>toujours en cours&nbsp;<\/em>\u00bb.<\/p>\n\n\n\n<p>Les cibles vis\u00e9es depuis le d\u00e9but de la matin\u00e9e comptent \u00e9galement une base navale \u00e0 Ha\u00effa et une base militaire d&rsquo;observation radar, selon le communiqu\u00e9 de l&rsquo;arm\u00e9e relay\u00e9 par la t\u00e9l\u00e9vision d&rsquo;\u00c9tat.<\/p>\n\n\n\n<h2 class=\"wp-block-heading\">Pr\u00e8s de 20 000 ressortissants fran\u00e7ais ont pu \u00eatre rapatri\u00e9s du Moyen-Orient, dit le gouvernement<\/h2>\n\n\n\n<p>Pr\u00e8s de 20 000 ressortissants fran\u00e7ais ont pu \u00eatre rapatri\u00e9s du Moyen-Orient depuis le d\u00e9but de la guerre le 28 f\u00e9vrier, a d\u00e9clar\u00e9, mercredi 11 mars, la porte-parole du gouvernement, Maud Bregeon, cit\u00e9e par l&rsquo;AFP. Le gouvernement \u00ab<em>a permis le rapatriement de 2 000 de nos concitoyens par des vols affr\u00e9t\u00e9s par l&rsquo;\u00c9tat<\/em>\u00bb, a-t-elle dit \u00e0 la presse \u00e0 l&rsquo;issue du Conseil des ministres. \u00ab<em>Par ailleurs, \u00e0 notre demande, il y a eu une reprise des vols commerciaux entre le Moyen-Orient et la France<\/em>\u00bb,. Ceux-ci ont \u00ab<em>permis le retour \u00e0 ce jour de 17 000 Fran\u00e7ais. C&rsquo;est donc un peu moins de 20 000 personnes qui, \u00e0 l&rsquo;heure o\u00f9 l&rsquo;on se parle, sont rentr\u00e9es sur le sol national<\/em>\u00bb, a-t-elle ajout\u00e9.<\/p>\n\n\n\n<h2 class=\"wp-block-heading\">Erdogan: \u00abIl faut mettre fin \u00e0 cette guerre avant qu&rsquo;elle n&#8217;embrase compl\u00e8tement la r\u00e9gion\u00bb<\/h2>\n\n\n\n<h2 class=\"wp-block-heading\">Un navire tha\u00eflandais attaqu\u00e9 pr\u00e8s du d\u00e9troit d&rsquo;Ormuz, dit la marine<\/h2>\n\n\n\n<p>Un navire marchand tha\u00eflandais a \u00e9t\u00e9 attaqu\u00e9 mercredi pr\u00e8s du d\u00e9troit d&rsquo;Ormuz et des op\u00e9rations sont en cours \u00ab<em>&nbsp;pour secourir&nbsp;<\/em>\u00bb trois des 23 membres d&rsquo;\u00e9quipage, a annonc\u00e9 la marine tha\u00eflandaise.<\/p>\n\n\n\n<p>\u00ab&nbsp;<em>Le vraquier Mayuree Naree, battant pavillon tha\u00eflandais<\/em>&nbsp;(&#8230;)&nbsp;<em>a \u00e9t\u00e9 attaqu\u00e9 alors qu&rsquo;il transitait par le d\u00e9troit d&rsquo;Ormuz&nbsp;<\/em>\u00bb, a-t-elle indiqu\u00e9 dans un communiqu\u00e9, pr\u00e9cisant que la cause de l&rsquo;attaque faisait l&rsquo;objet d&rsquo;une enqu\u00eate.<\/p>\n\n\n\n<figure class=\"wp-block-image\"><img decoding=\"async\" src=\"https:\/\/cdn.eu.getarena.im\/cm\/69b152a3965bbb9331e2ba85.jpg\" alt=\"Un navire tha\u00eflandais attaqu\u00e9 pr\u00e8s du d\u00e9troit d'Ormuz, dit la marine\"\/><\/figure>\n\n\n\n<p>\u00a9Marine royale tha\u00eflandaise\/AFP<\/p>\n\n\n\n<p><\/p>\n\n\n\n<h2 class=\"wp-block-heading\">Liban: le bilan de la guerre monte \u00e0 570 morts depuis d\u00e9but mars<\/h2>\n\n\n\n<p>Les frappes isra\u00e9liennes sur le Liban ont tu\u00e9 570 personnes, dont 86 enfants et 45 femmes, depuis que le pays a \u00e9t\u00e9 entra\u00een\u00e9 dans la guerre r\u00e9gionale le 2 mars, a annonc\u00e9 mercredi le minist\u00e8re de la Sant\u00e9. Selon la m\u00eame source, 84 personnes ont \u00e9t\u00e9 tu\u00e9es au cours de la seule journ\u00e9e de mardi.<\/p>\n\n\n\n<h2 class=\"wp-block-heading\">Nouvelle frappe sur la banlieue sud de Beyrouth, apr\u00e8s un avertissement isra\u00e9lien<\/h2>\n\n\n\n<p>De nouvelles frappes ont vis\u00e9 mercredi matin la banlieue sud de Beyrouth, bastion du Hezbollah, apr\u00e8s un avertissement isra\u00e9lien, a indiqu\u00e9 l&rsquo;agence officielle libanaise. Une \u00e9paisse fum\u00e9e noire s&rsquo;\u00e9l\u00e8ve du secteur vis\u00e9, dont une grande partie des habitants a fui, selon les images de l&rsquo;AFP. Ces raids interviennent apr\u00e8s une attaque \u00e0 l&rsquo;aube sur un quartier dens\u00e9ment peupl\u00e9 de Beyrouth.<\/p>\n\n\n\n<h2 class=\"wp-block-heading\">L&rsquo;arm\u00e9e iranienne dit vouloir d\u00e9sormais cibler \u00ables centres \u00e9conomiques et les banques\u00bb dans la r\u00e9gion<\/h2>\n\n\n\n<p>L&rsquo;arm\u00e9e iranienne a dit mercredi vouloir d\u00e9sormais frapper \u00ab<em>&nbsp;les centres \u00e9conomiques et les banques<\/em>&nbsp;\u00bb dans le Golfe, apr\u00e8s une attaque isra\u00e9lo-am\u00e9ricaine sur un \u00e9tablissement bancaire de T\u00e9h\u00e9ran.<\/p>\n\n\n\n<p>\u00ab&nbsp;<em>L&rsquo;ennemi nous a donn\u00e9 carte blanche pour cibler les centres \u00e9conomiques et banques&nbsp;<\/em>\u00bb appartenant aux \u00c9tats-Unis et \u00e0 Isra\u00ebl dans la r\u00e9gion, a d\u00e9clar\u00e9 le quartier g\u00e9n\u00e9ral central de Khatam al-Anbiya, affili\u00e9 aux Gardiens de la R\u00e9volution, selon un communiqu\u00e9 diffus\u00e9 par la t\u00e9l\u00e9vision d&rsquo;\u00c9tat.<\/p>\n\n\n\n<p>Selon les m\u00e9dias locaux, la frappe isra\u00e9lo-am\u00e9ricaine de la nuit a \u00ab<em>&nbsp;tu\u00e9 des employ\u00e9s<\/em>&nbsp;\u00bb d&rsquo;une banque de la capitale qui travaillaient \u00ab&nbsp;<em>exceptionnellement<\/em>&nbsp;\u00bb pour pr\u00e9parer le paiement des salaires du mois.<\/p>\n\n\n\n<h2 class=\"wp-block-heading\">Une frappe isra\u00e9lienne sur un village de l&rsquo;est fait sept morts au Liban<\/h2>\n\n\n\n<p>Une frappe isra\u00e9lienne sur la plaine de la Bekaa, un bastion du Hezbollah pro-iranien dans l&rsquo;est du Liban, a fait sept morts et 18 bless\u00e9s, a annonc\u00e9 mercredi le minist\u00e8re libanais de la Sant\u00e9. Selon l&rsquo;Agence nationale d&rsquo;information (Ani, officielle), la frappe a vis\u00e9 une maison o\u00f9 habite une famille de r\u00e9fugi\u00e9s syriens. L&rsquo;arm\u00e9e isra\u00e9lienne cible la plaine orientale de la Bekaa, frontali\u00e8re de la Syrie, depuis le d\u00e9but de ses campagnes a\u00e9riennes de bombardements contre le Liban il y a dix jours, et y a men\u00e9 deux op\u00e9rations h\u00e9liport\u00e9es.<\/p>\n\n\n\n<h2 class=\"wp-block-heading\">T\u00e9h\u00e9ran vid\u00e9e de ses habitants, le r\u00e9gime durcit la r\u00e9pression contre toute opposition<\/h2>\n\n\n\n<p>Le r\u00e9gime iranien a men\u00e9, mardi 10 mars au soir et dans la nuit, de nouvelles attaques qui ont vis\u00e9 \u2060des&nbsp;installations militaires \u200bam\u00e9ricaines dans le Golfe, alors que les \u00c9tats-Unis et Isra\u00ebl ont pilonn\u00e9 l&rsquo;Iran. \u00c0 T\u00e9h\u00e9ran, pr\u00e8s de la moiti\u00e9 de la population a fui et les habitants qui restent s&rsquo;organisent tant bien que mal. Et le r\u00e9gime poursuit sa r\u00e9pression contre toute forme d&rsquo;opposition.<\/p>\n\n\n\n<h2 class=\"wp-block-heading\">Un nouveau navire touch\u00e9 par un projectile au large des \u00c9mirats arabes unis<\/h2>\n\n\n\n<p>Un nouveau navire a \u00e9t\u00e9 touch\u00e9 par un \u00ab<em>&nbsp;projectile inconnu&nbsp;<\/em>\u00bb au large des \u00c9mirats arabes unis, le deuxi\u00e8me en quelques heures, a indiqu\u00e9 l&rsquo;agence de s\u00e9curit\u00e9 maritime britannique (UKMTO). Le capitaine d&rsquo;un vraquier, qui se situait \u00e0 50 milles nautiques au nord-ouest de Duba\u00ef, \u00ab<em>&nbsp;a signal\u00e9 que son bateau avait \u00e9t\u00e9 touch\u00e9 par un projectile inconnu,<\/em>&nbsp;selon l&rsquo;agence.&nbsp;<em>Aucun impact environnemental n&rsquo;a \u00e9t\u00e9 rapport\u00e9. L&rsquo;\u00e9quipage est sain et sauf<\/em>&nbsp;\u00bb.<\/p>\n\n\n\n<p>Un porte-conteneurs avait \u00e9t\u00e9 endommag\u00e9 plus t\u00f4t par un projectile au large de ce pays du Golfe, tandis qu&rsquo;un autre navire a \u00e9t\u00e9 touch\u00e9 dans le d\u00e9troit d&rsquo;Ormuz au large d&rsquo;Oman, d&rsquo;apr\u00e8s l&rsquo;UKMTO.<\/p>\n\n\n\n<h2 class=\"wp-block-heading\">Des drones tomb\u00e9s pr\u00e8s de l&rsquo;a\u00e9roport de Duba\u00ef, quatre bless\u00e9s<\/h2>\n\n\n\n<p>Deux drones sont tomb\u00e9s pr\u00e8s de l&rsquo;a\u00e9roport de Duba\u00ef mercredi, blessant quatre personnes, mais le trafic n&rsquo;a pas \u00e9t\u00e9 affect\u00e9, ont annonc\u00e9 les autorit\u00e9s de l&rsquo;\u00e9mirat du Golfe dans un communiqu\u00e9, au douzi\u00e8me jour de la guerre.<\/p>\n\n\n\n<p>\u00ab<em>&nbsp;Deux drones sont tomb\u00e9s il y a peu dans le secteur de l&rsquo;a\u00e9roport international de Duba\u00ef&nbsp;<\/em>\u00bb, faisant quatre bless\u00e9s &#8211; deux ressortissants ghan\u00e9ens, un bangladais et un indien. \u00ab&nbsp;<em>Le trafic a\u00e9rien fonctionne normalement&nbsp;<\/em>\u00bb, selon le communiqu\u00e9.<\/p>\n\n\n\n<h2 class=\"wp-block-heading\">Ressources strat\u00e9giques de p\u00e9trole: les ministres du G7 Energie \u00abpr\u00eats\u00bb \u00e0 prendre \u00abtoutes les mesures n\u00e9cessaires\u00bb en \u00abcoordination\u00bb avec l&rsquo;AIE<\/h2>\n\n\n\n<p>Les ministres de l&rsquo;\u00c9nergie du G7, r\u00e9unis mardi \u00e0 Paris dans un contexte de guerre au Moyen-Orient et de forte instabilit\u00e9 des prix du p\u00e9trole, ont affirm\u00e9 \u00eatre \u00ab<em>&nbsp;pr\u00eats&nbsp;<\/em>\u00bb \u00e0 prendre \u00ab<em>&nbsp;toutes les mesures n\u00e9cessaires&nbsp;<\/em>\u00bb, en coordination avec l&rsquo;Agence internationale de l&rsquo;\u00e9nergie (AIE).<\/p>\n\n\n\n<p>\u00ab<em>&nbsp;Nous soutenons en principe la mise en \u0153uvre de mesures proactives pour rem\u00e9dier \u00e0 la situation, y compris le recours aux r\u00e9serves strat\u00e9giques&nbsp;<\/em>\u00bb, indiquent les ministres du G7 \u00c9nergie dans un communiqu\u00e9 commun publi\u00e9 mercredi. Selon le&nbsp;<em>Wall Street Journal<\/em>&nbsp;mardi soir, l&rsquo;AIE propose un recours sans pr\u00e9c\u00e9dent aux r\u00e9serves strat\u00e9giques de p\u00e9trole afin d&rsquo;enrayer la flamb\u00e9e des prix.<\/p>\n\n\n\n<h2 class=\"wp-block-heading\">Liban: la France triple son soutien humanitaire et envoie 60 tonnes d&rsquo;aide<\/h2>\n\n\n\n<p>La France s&rsquo;appr\u00eate \u00e0 tripler son soutien humanitaire au Liban, en y d\u00e9p\u00eachant jeudi 60 tonnes d&rsquo;aide pour les r\u00e9fugi\u00e9s quittant le sud du pays o\u00f9 Isra\u00ebl m\u00e8ne des op\u00e9rations militaires contre le Hezbollah pro-iranien, a annonc\u00e9 mercredi le chef de la diplomatie fran\u00e7aise.<\/p>\n\n\n\n<p>\u00ab<em>&nbsp;Nous avons d\u00e9cid\u00e9 de tripler le volume de l&rsquo;aide qui arrivera cette semaine. Cette aide atteindra 60 tonnes d&rsquo;aide humanitaire \u00e0 destination des Libanais, avec des kits sanitaires, des kits d&rsquo;hygi\u00e8ne, des matelas, des lampes, mais aussi un poste sanitaire mobile&nbsp;<\/em>\u00bb, a d\u00e9clar\u00e9 sur TF1 Jean-No\u00ebl Barrot, selon qui ce soutien s&rsquo;effectue \u00ab&nbsp;<em>gr\u00e2ce au soutien de la Fondation CMA CGM&nbsp;<\/em>\u00bb.<\/p>\n","protected":false},"excerpt":{"rendered":"<p>Mardi 10 mars, le ministre am\u00e9ricain de la D\u00e9fense a affirm\u00e9 que ce serait \u00ab&nbsp;le jour le plus intense de<\/p>\n","protected":false},"author":1,"featured_media":69321,"comment_status":"open","ping_status":"open","sticky":false,"template":"","format":"standard","meta":{"footnotes":""},"categories":[51],"tags":[],"class_list":["post-69320","post","type-post","status-publish","format-standard","has-post-thumbnail","hentry","category-general"],"_links":{"self":[{"href":"https:\/\/dekkbi.com\/index.php?rest_route=\/wp\/v2\/posts\/69320","targetHints":{"allow":["GET"]}}],"collection":[{"href":"https:\/\/dekkbi.com\/index.php?rest_route=\/wp\/v2\/posts"}],"about":[{"href":"https:\/\/dekkbi.com\/index.php?rest_route=\/wp\/v2\/types\/post"}],"author":[{"embeddable":true,"href":"https:\/\/dekkbi.com\/index.php?rest_route=\/wp\/v2\/users\/1"}],"replies":[{"embeddable":true,"href":"https:\/\/dekkbi.com\/index.php?rest_route=%2Fwp%2Fv2%2Fcomments&post=69320"}],"version-history":[{"count":1,"href":"https:\/\/dekkbi.com\/index.php?rest_route=\/wp\/v2\/posts\/69320\/revisions"}],"predecessor-version":[{"id":69322,"href":"https:\/\/dekkbi.com\/index.php?rest_route=\/wp\/v2\/posts\/69320\/revisions\/69322"}],"wp:featuredmedia":[{"embeddable":true,"href":"https:\/\/dekkbi.com\/index.php?rest_route=\/wp\/v2\/media\/69321"}],"wp:attachment":[{"href":"https:\/\/dekkbi.com\/index.php?rest_route=%2Fwp%2Fv2%2Fmedia&parent=69320"}],"wp:term":[{"taxonomy":"category","embeddable":true,"href":"https:\/\/dekkbi.com\/index.php?rest_route=%2Fwp%2Fv2%2Fcategories&post=69320"},{"taxonomy":"post_tag","embeddable":true,"href":"https:\/\/dekkbi.com\/index.php?rest_route=%2Fwp%2Fv2%2Ftags&post=69320"}],"curies":[{"name":"wp","href":"https:\/\/api.w.org\/{rel}","templated":true}]}}