{"id":69305,"date":"2026-03-11T11:09:21","date_gmt":"2026-03-11T11:09:21","guid":{"rendered":"https:\/\/dekkbi.com\/?p=69305"},"modified":"2026-03-11T11:09:22","modified_gmt":"2026-03-11T11:09:22","slug":"six-mois-ferme-requis-contre-le-dg-de-la-sante-publique-dans-une-affaire-de-cyberharcelement","status":"publish","type":"post","link":"https:\/\/dekkbi.com\/?p=69305","title":{"rendered":"Six mois ferme requis contre le DG de la Sant\u00e9 publique dans une affaire de cyberharc\u00e8lement"},"content":{"rendered":"\n<p>Le tribunal d\u2019instance de Dakar a examin\u00e9 ce mardi une affaire de cyberharc\u00e8lement et menaces impliquant deux anciens camarades du parti Pastef-Les Patriotes : Ousmane CISS\u00c9, Directeur g\u00e9n\u00e9ral de la Sant\u00e9 publique, et El Hadji Mansour DIOP, Directeur de l\u2019h\u00f4pital Aristide Le Dantec. D\u2019apr\u00e8s&nbsp;<em>Seneweb<\/em>, le pr\u00e9venu principal, Pape Ibrahima THIAM, bijoutier, est poursuivi pour menaces, voies de fait et injures non publiques, tandis que Ousmane CISS\u00c9 est accus\u00e9 de complicit\u00e9.<\/p>\n\n\n\n<p>Tout a commenc\u00e9 le 11 juin 2024, lorsqu\u2019El Hadji Mansour DIOP re\u00e7oit des messages WhatsApp injurieux et diffamatoires visant \u00e9galement son \u00e9pouse et sa famille. Les captures d\u2019\u00e9cran fournies \u00e0 la police ont permis d\u2019identifier le num\u00e9ro utilis\u00e9, qui se r\u00e9v\u00e9lera appartenir \u00e0 Pape Ibrahima THIAM. Ce dernier a reconnu avoir envoy\u00e9 les messages pour \u00ab\u202fsoutenir\u202f\u00bb Ousmane CISS\u00c9, admettant m\u00eame avoir fait appel \u00e0 un \u00e9crivain public pour formuler le contenu. Ousmane CISS\u00c9 a admis avoir offert le t\u00e9l\u00e9phone et la puce \u00e0 son ami, tout en niant toute connaissance des messages injurieux.<\/p>\n\n\n\n<p>Lors de la confrontation, El Hadji Mansour DIOP a maintenu sa plainte, tandis qu\u2019Ousmane CISS\u00c9 a expliqu\u00e9 que la brouille avec le plaignant remontait \u00e0 un diff\u00e9rend financier de 2023. Des t\u00e9moins ont confirm\u00e9 que le t\u00e9l\u00e9phone avait \u00e9t\u00e9 offert par Ousmane CISS\u00c9 mais n\u2019ont pas corrobor\u00e9 certaines all\u00e9gations de la partie civile. Les avocats d\u2019El Hadji Mansour DIOP ont r\u00e9clam\u00e9 50 millions de FCFA de dommages et int\u00e9r\u00eats, estimant qu\u2019Ousmane CISS\u00c9 \u00e9tait complice des faits. Le parquet a soulign\u00e9 que les preuves confirment la culpabilit\u00e9 de Pape Ibrahima THIAM et que Ousmane CISS\u00c9 aurait fourni les moyens mat\u00e9riels pour commettre les actes. Une peine de six mois ferme et une amende de 500 000 FCFA ont \u00e9t\u00e9 requises pour chacun des pr\u00e9venus.<\/p>\n\n\n\n<p>La d\u00e9fense d\u2019Ousmane CISS\u00c9 a plaid\u00e9 non coupable, affirmant qu\u2019aucune infraction ne pouvait lui \u00eatre imput\u00e9e et demandant le renvoi des fins de poursuite. Pour Pape Ibrahima THIAM, la d\u00e9fense a sollicit\u00e9 une application bienveillante de la loi p\u00e9nale. L\u2019affaire est mise en d\u00e9lib\u00e9r\u00e9 au 12 mai 2026.<\/p>\n\n\n\n<p><strong>Babacar NGOM<\/strong><\/p>\n\n\n\n<p><a href=\"https:\/\/www.facebook.com\/sharer.php?u=https%3A%2F%2Fwalf-groupe.com%2Fblog%2F2026%2F03%2F10%2Fsix-mois-ferme-requis-contre-le-dg-de-la-sante-publique-dans-une-affaire-de-cyberharcelement%2F\"><\/a><\/p>\n","protected":false},"excerpt":{"rendered":"<p>Le tribunal d\u2019instance de Dakar a examin\u00e9 ce mardi une affaire de cyberharc\u00e8lement et menaces impliquant deux anciens camarades du<\/p>\n","protected":false},"author":1,"featured_media":69306,"comment_status":"open","ping_status":"open","sticky":false,"template":"","format":"standard","meta":{"footnotes":""},"categories":[26],"tags":[],"class_list":["post-69305","post","type-post","status-publish","format-standard","has-post-thumbnail","hentry","category-fait-divers"],"_links":{"self":[{"href":"https:\/\/dekkbi.com\/index.php?rest_route=\/wp\/v2\/posts\/69305","targetHints":{"allow":["GET"]}}],"collection":[{"href":"https:\/\/dekkbi.com\/index.php?rest_route=\/wp\/v2\/posts"}],"about":[{"href":"https:\/\/dekkbi.com\/index.php?rest_route=\/wp\/v2\/types\/post"}],"author":[{"embeddable":true,"href":"https:\/\/dekkbi.com\/index.php?rest_route=\/wp\/v2\/users\/1"}],"replies":[{"embeddable":true,"href":"https:\/\/dekkbi.com\/index.php?rest_route=%2Fwp%2Fv2%2Fcomments&post=69305"}],"version-history":[{"count":1,"href":"https:\/\/dekkbi.com\/index.php?rest_route=\/wp\/v2\/posts\/69305\/revisions"}],"predecessor-version":[{"id":69307,"href":"https:\/\/dekkbi.com\/index.php?rest_route=\/wp\/v2\/posts\/69305\/revisions\/69307"}],"wp:featuredmedia":[{"embeddable":true,"href":"https:\/\/dekkbi.com\/index.php?rest_route=\/wp\/v2\/media\/69306"}],"wp:attachment":[{"href":"https:\/\/dekkbi.com\/index.php?rest_route=%2Fwp%2Fv2%2Fmedia&parent=69305"}],"wp:term":[{"taxonomy":"category","embeddable":true,"href":"https:\/\/dekkbi.com\/index.php?rest_route=%2Fwp%2Fv2%2Fcategories&post=69305"},{"taxonomy":"post_tag","embeddable":true,"href":"https:\/\/dekkbi.com\/index.php?rest_route=%2Fwp%2Fv2%2Ftags&post=69305"}],"curies":[{"name":"wp","href":"https:\/\/api.w.org\/{rel}","templated":true}]}}