{"id":69292,"date":"2026-03-11T10:45:50","date_gmt":"2026-03-11T10:45:50","guid":{"rendered":"https:\/\/dekkbi.com\/?p=69292"},"modified":"2026-03-11T10:46:59","modified_gmt":"2026-03-11T10:46:59","slug":"teheran-dement-toute-menace-a-lencontre-du-senegal-ambassade","status":"publish","type":"post","link":"https:\/\/dekkbi.com\/?p=69292","title":{"rendered":"T\u00e9h\u00e9ran d\u00e9ment toute menace \u00e0 l\u2019encontre du S\u00e9n\u00e9gal (ambassade)"},"content":{"rendered":"\n<p>\u200e Dakar,  (APS) \u2013 L\u2019ambassade de la R\u00e9publique islamique d\u2019Iran \u00e0 Dakar a d\u00e9menti mardi les informations faisant \u00e9tat de suppos\u00e9es menaces agit\u00e9es par la diplomatie iranienne \u00e0 l\u2019encontre du S\u00e9n\u00e9gal, d\u00e9plorant une information \u201ctotalement infond\u00e9e\u201d circulant sur les r\u00e9seaux sociaux.<\/p>\n\n\n\n<p>Tout est parti d\u2019un message attribu\u00e9 au ministre iranien des Affaires \u00e9trang\u00e8res Abbas Araghchi, devenu rapidement virale sur les r\u00e9seaux sociaux, en r\u00e9action \u00e0 l\u2019\u00e9change t\u00e9l\u00e9phonique ayant r\u00e9cemment eu lieu entre le prince h\u00e9ritier et Premier ministre d\u2019Arabie Saoudite et le chef de l\u2019Etat s\u00e9n\u00e9galais, Bassirou Diomaye Faye, au sujet du conflit au Moyen-Orient.<\/p>\n\n\n\n<p>\u201cL\u2019ambassade de la R\u00e9publique islamique d\u2019Iran \u00e0 Dakar informe que l\u2019information diffus\u00e9e sur certaines plateformes des r\u00e9seaux sociaux, concernant des propos attribu\u00e9s au ministre des Affaires \u00e9trang\u00e8res iranien au sujet du S\u00e9n\u00e9gal, est totalement infond\u00e9e et constitue une information fausse fabriqu\u00e9e circulant sur les r\u00e9seaux sociaux\u201d, r\u00e9agit la repr\u00e9sentation diplomatique iranienne dans un communiqu\u00e9 parvenu \u00e0 l\u2019APS.<\/p>\n\n\n\n<p>L\u2019ambassade iranien rappelle que le ministre des Affaires \u00e9trang\u00e8re de l\u2019Iran a r\u00e9cemment exprim\u00e9 ses remerciements au gouvernement s\u00e9n\u00e9galais lors d\u2019un r\u00e9cent entretien avec le ministre s\u00e9n\u00e9galais de l\u2019Int\u00e9gration africaine, des Affaires \u00e9trang\u00e8res et des S\u00e9n\u00e9galais de l\u2019ext\u00e9rieur.<\/p>\n\n\n\n<p>Il a par la m\u00eame occasion dit son appr\u00e9ciation pour les positions positives et responsables de la partie s\u00e9n\u00e9galaise et pour les marques de solidarit\u00e9 et de sympathie exprim\u00e9es par le pr\u00e9sident Bassirou Diomaye Faye \u00e0 l\u2019\u00e9gard du peuple iranien, de m\u00eame que pour la condamnation de l\u2019agression militaire am\u00e9ricano-isra\u00e9lienne.<\/p>\n\n\n\n<p>\u201cL\u2019ambassade de la R\u00e9publique islamique d\u2019Iran \u00e0 Dakar rejette fermement et d\u00e9ment cat\u00e9goriquement les informations susmentionn\u00e9es ainsi que les propos mensongers attribu\u00e9s au ministre des Affaires \u00e9trang\u00e8res, et r\u00e9affirme la ferme volont\u00e9 de la R\u00e9publique islamique d\u2019Iran de poursuivre et de renforcer davantage les relations d\u2019amiti\u00e9 et la coop\u00e9ration constructive avec le gouvernement et le peuple de la R\u00e9publique du S\u00e9n\u00e9gal\u201d, souligne l\u2019ambassade de la R\u00e9publique islamique d\u2019Iran.<\/p>\n\n\n\n<p>Elle rappelle que T\u00e9h\u00e9ran \u201cnourrit depuis toujours un profond respect \u00e0 l\u2019\u00e9gard du gouvernement et du peuple fr\u00e8re et musulman du S\u00e9n\u00e9gal et attache une grande importance aux relations amicales fond\u00e9es sur le respect mutuel entre les deux pays\u201d.<\/p>\n\n\n\n<p>\u201cIl est \u00e9vident que la R\u00e9publique islamique d\u2019Iran n\u2019a jamais prof\u00e9r\u00e9 et ne prof\u00e9rera jamais la moindre menace \u00e0 l\u2019encontre de la R\u00e9publique du S\u00e9n\u00e9gal\u201d, signale la m\u00eame source, en mettant en garde contre la diffusion d\u2019informations erron\u00e9es et fabriqu\u00e9es, visant \u00e0 porter atteinte aux relations cordiales et constantes en d\u00e9veloppement entre les deux pays.<\/p>\n\n\n\n<p>Cette mise au point de l\u2019ambassade de la R\u00e9publique islamique d\u2019Iran s\u2019inscrit dans la foul\u00e9e de celle du gouvernement s\u00e9n\u00e9galais d\u00e9mentant des informations infond\u00e9es, \u201cne refl\u00e9tant en rien \u00e0 la r\u00e9alit\u00e9\u201d.<\/p>\n\n\n\n<p>AKS\/BK<\/p>\n","protected":false},"excerpt":{"rendered":"<p>\u200e Dakar, (APS) \u2013 L\u2019ambassade de la R\u00e9publique islamique d\u2019Iran \u00e0 Dakar a d\u00e9menti mardi les informations faisant \u00e9tat de<\/p>\n","protected":false},"author":1,"featured_media":69294,"comment_status":"open","ping_status":"open","sticky":false,"template":"","format":"standard","meta":{"footnotes":""},"categories":[6],"tags":[],"class_list":["post-69292","post","type-post","status-publish","format-standard","has-post-thumbnail","hentry","category-politics"],"_links":{"self":[{"href":"https:\/\/dekkbi.com\/index.php?rest_route=\/wp\/v2\/posts\/69292","targetHints":{"allow":["GET"]}}],"collection":[{"href":"https:\/\/dekkbi.com\/index.php?rest_route=\/wp\/v2\/posts"}],"about":[{"href":"https:\/\/dekkbi.com\/index.php?rest_route=\/wp\/v2\/types\/post"}],"author":[{"embeddable":true,"href":"https:\/\/dekkbi.com\/index.php?rest_route=\/wp\/v2\/users\/1"}],"replies":[{"embeddable":true,"href":"https:\/\/dekkbi.com\/index.php?rest_route=%2Fwp%2Fv2%2Fcomments&post=69292"}],"version-history":[{"count":2,"href":"https:\/\/dekkbi.com\/index.php?rest_route=\/wp\/v2\/posts\/69292\/revisions"}],"predecessor-version":[{"id":69297,"href":"https:\/\/dekkbi.com\/index.php?rest_route=\/wp\/v2\/posts\/69292\/revisions\/69297"}],"wp:featuredmedia":[{"embeddable":true,"href":"https:\/\/dekkbi.com\/index.php?rest_route=\/wp\/v2\/media\/69294"}],"wp:attachment":[{"href":"https:\/\/dekkbi.com\/index.php?rest_route=%2Fwp%2Fv2%2Fmedia&parent=69292"}],"wp:term":[{"taxonomy":"category","embeddable":true,"href":"https:\/\/dekkbi.com\/index.php?rest_route=%2Fwp%2Fv2%2Fcategories&post=69292"},{"taxonomy":"post_tag","embeddable":true,"href":"https:\/\/dekkbi.com\/index.php?rest_route=%2Fwp%2Fv2%2Ftags&post=69292"}],"curies":[{"name":"wp","href":"https:\/\/api.w.org\/{rel}","templated":true}]}}